{"id":42171,"date":"2022-11-01T07:00:58","date_gmt":"2022-11-01T10:00:58","guid":{"rendered":"http:\/\/www.sincomam.org.br\/?p=42171"},"modified":"2022-10-31T23:04:40","modified_gmt":"2022-11-01T02:04:40","slug":"empresas-tem-ate-o-dia-15-de-novembro-para-responder-a-pesquisa-sobre-equidade-de-genero","status":"publish","type":"post","link":"https:\/\/www.sincomam.org.br\/index.php\/empresas-tem-ate-o-dia-15-de-novembro-para-responder-a-pesquisa-sobre-equidade-de-genero\/","title":{"rendered":"Empresas t\u00eam at\u00e9 o dia 15 de novembro para responder a pesquisa sobre equidade de g\u00eanero"},"content":{"rendered":"<p>A Ag\u00eancia Nacional de Transportes Aquavi\u00e1rios (ANTAQ) prorrogou novamente o prazo para coleta das informa\u00e7\u00f5es a respeito da equidade de g\u00eanero nas empresas do setor aquavi\u00e1rio brasileiro. O novo prazo vai at\u00e9 15 de novembro de 2022.\u00a0Um representante de cada empresa regulada pela Ag\u00eancia dever\u00e1 responder o question\u00e1rio. As perguntas podem ser acessadas pelo link:\u00a0<strong><a class=\"external-link\" title=\"\" href=\"https:\/\/forms.gle\/h4Qx59dnxyQqnwgh6\" target=\"_blank\" rel=\"noopener\" data-tippreview-enabled=\"false\" data-tippreview-image=\"\" data-tippreview-title=\"\">https:\/\/forms.gle\/h4Qx59dnxyQqnwgh6<\/a><\/strong>\u00a0ou no Portal da Ag\u00eancia.<\/p>\n<p>A a\u00e7\u00e3o faz parte do protocolo de inten\u00e7\u00f5es firmado, em mar\u00e7o de 2022, entre a Ag\u00eancia e a\u00a0<em>Women\u2019s International Shipping and Trading Association<\/em>\u00a0(Wista).\u00a0A coleta e a publica\u00e7\u00e3o dos resultados da pesquisa &#8211; sem individualiza\u00e7\u00e3o e com o sigilo dos participantes, ser\u00e3o fundamentais para um aprofundamento do setor aquavi\u00e1rio em rela\u00e7\u00e3o a todos os trabalhadores do ramo. Al\u00e9m disso, os dados poder\u00e3o ser usados pelas empresas para aprimoramento de pol\u00edticas voltadas para esse tema. A pr\u00f3pria associa\u00e7\u00e3o \u00e9 quem vai escolher aqueles que responder\u00e3o aos questionamentos.<\/p>\n<p>Em caso de d\u00favidas sobre o preenchimento do question\u00e1rio, as empresas podem contatar a Ger\u00eancia de Estat\u00edstica e Avalia\u00e7\u00e3o de Desempenho da ANTAQ pelo telefone (61) 2029-6690 ou por e-mail: desempenhoportu\u00e1rio@antaq.gov.br.<\/p>\n<p>Fonte: Antaq<\/p>\n","protected":false},"excerpt":{"rendered":"<p>A Ag\u00eancia Nacional de Transportes Aquavi\u00e1rios (ANTAQ) prorrogou novamente o prazo para coleta das informa\u00e7\u00f5es a respeito da equidade de g\u00eanero nas empresas do setor&#8230;<\/p>\n","protected":false},"author":1527,"featured_media":41935,"comment_status":"closed","ping_status":"closed","sticky":false,"template":"","format":"standard","meta":{"footnotes":""},"categories":[6],"tags":[],"class_list":["post-42171","post","type-post","status-publish","format-standard","has-post-thumbnail","hentry","category-noticias"],"_links":{"self":[{"href":"https:\/\/www.sincomam.org.br\/index.php\/wp-json\/wp\/v2\/posts\/42171","targetHints":{"allow":["GET"]}}],"collection":[{"href":"https:\/\/www.sincomam.org.br\/index.php\/wp-json\/wp\/v2\/posts"}],"about":[{"href":"https:\/\/www.sincomam.org.br\/index.php\/wp-json\/wp\/v2\/types\/post"}],"author":[{"embeddable":true,"href":"https:\/\/www.sincomam.org.br\/index.php\/wp-json\/wp\/v2\/users\/1527"}],"replies":[{"embeddable":true,"href":"https:\/\/www.sincomam.org.br\/index.php\/wp-json\/wp\/v2\/comments?post=42171"}],"version-history":[{"count":1,"href":"https:\/\/www.sincomam.org.br\/index.php\/wp-json\/wp\/v2\/posts\/42171\/revisions"}],"predecessor-version":[{"id":42172,"href":"https:\/\/www.sincomam.org.br\/index.php\/wp-json\/wp\/v2\/posts\/42171\/revisions\/42172"}],"wp:featuredmedia":[{"embeddable":true,"href":"https:\/\/www.sincomam.org.br\/index.php\/wp-json\/wp\/v2\/media\/41935"}],"wp:attachment":[{"href":"https:\/\/www.sincomam.org.br\/index.php\/wp-json\/wp\/v2\/media?parent=42171"}],"wp:term":[{"taxonomy":"category","embeddable":true,"href":"https:\/\/www.sincomam.org.br\/index.php\/wp-json\/wp\/v2\/categories?post=42171"},{"taxonomy":"post_tag","embeddable":true,"href":"https:\/\/www.sincomam.org.br\/index.php\/wp-json\/wp\/v2\/tags?post=42171"}],"curies":[{"name":"wp","href":"https:\/\/api.w.org\/{rel}","templated":true}]}}