{"id":42168,"date":"2022-11-01T07:55:56","date_gmt":"2022-11-01T10:55:56","guid":{"rendered":"http:\/\/www.sincomam.org.br\/?p=42168"},"modified":"2022-10-31T22:57:44","modified_gmt":"2022-11-01T01:57:44","slug":"os-nomes-cotados-para-a-petrobras-e-o-bndes-no-governo-lula","status":"publish","type":"post","link":"https:\/\/www.sincomam.org.br\/index.php\/os-nomes-cotados-para-a-petrobras-e-o-bndes-no-governo-lula\/","title":{"rendered":"Os nomes cotados para a Petrobras e o BNDES no governo Lula"},"content":{"rendered":"<p>O presidente eleito Luiz In\u00e1cio Lula da Silva (PT) come\u00e7a a discutir a composi\u00e7\u00e3o da equipe econ\u00f4mica e do comando das empresas estatais, como Petrobras e BNDES. O nome mais cotado hoje para assumir o comando da Petrobras \u00e9 o senador Jean Paul Prates (PT-RN), enquanto o economista Gabriel Gal\u00edpolo ganha for\u00e7a para o banco p\u00fablico. As duas posi\u00e7\u00f5es s\u00e3o chave para sua tentativa de aumentar investimentos e gerar emprego rapidamente. Enquanto isso, diversos nomes aparecem na bolsa de apostas para a equipe econ\u00f4mica.<\/p>\n<p>Especialista no setor, Prates foi um dos principais interlocutores de Lula para energia durante a campanha presidencial. Ao longo da campanha, ele fez mais de 30 encontros, mais da metade deles no segundo turno, em S\u00e3o Paulo e no Rio Janeiro, com mais de uma centena de agentes de mercado, analistas e gestores de fundos.<\/p>\n<p>Coube ao senador acalmar o mercado financeiro sobre as pol\u00edticas que Lula pretende adotar na empresa. O interlocutor de Lula garantiu a esses agentes que o petista n\u00e3o tomaria decis\u00f5es sem ouvir as pessoas, garantindo que a Petrobras sob o PT iria compor solu\u00e7\u00f5es, sem atacar acionistas privados.<\/p>\n<p>Nessas conversas, Paul tem refor\u00e7ado que a estatal deve se aproximar especialmente do acionista conservador, como fundos de pens\u00e3o, investimento e fundos soberanos, para tra\u00e7ar objetivos de m\u00e9dio e longo prazo.<\/p>\n<p>Ele tamb\u00e9m defende ampliar a capacidade de produ\u00e7\u00e3o de derivados do pa\u00eds, fazer parcerias com os setor privado para ampliar a atua\u00e7\u00e3o da estatal e transformar a companhia em uma empresa de energia, n\u00e3o s\u00f3 de petr\u00f3leo \u2014 ele cita, por exemplo, a possibilidade de a empresa passar a produzir energia e\u00f3lica no mar, chamada de offshore, diante da expertise da empresa nos oceanos.<\/p>\n<p>Prates tamb\u00e9m descartou qualquer reestatiza\u00e7\u00e3o durante um governo Lula, e defende que a empresa fique mais \u201cpr\u00f3xima\u201d ao consumidor final. Na lista de ativos que a estatal vendeu est\u00e1 a BR Distribuidora, que mudou o nome para Vibra, al\u00e9m de refinarias e campos de explora\u00e7\u00e3o.<\/p>\n<p>Novo papel do BNDES<br \/>\nPara o BNDES, um nome discutido no entorno de Lula \u00e9 do economista Gabriel Gal\u00edpolo, escalado durante a campanha para ajudar na interlocu\u00e7\u00e3o com o mercado financeiro e empres\u00e1rios.<\/p>\n<p>Tendo presidido o Banco Fator at\u00e9 2021, Gal\u00edpolo, hoje com 39 anos, \u00e9 professor da UFRJ, pesquisador do Centro Brasileiro de Rela\u00e7\u00f5es Internacionais (Cebri) e conselheiro da Fiesp.<\/p>\n<p>Durante a campanha, ele atuou principalmente na an\u00e1lise das concess\u00f5es e parcerias p\u00fablico privadas, al\u00e9m de defender a cria\u00e7\u00e3o de garantias soberanas para investimentos privados em infraestrutura. Esse perfil combina com o que Lula espera para o banco p\u00fablico.<\/p>\n<p>Lula quer que o BNDES volte a ter espa\u00e7o como instrumento de indu\u00e7\u00e3o do investimento pelas empresas e no financiamento de longo prazo de projetos. O discurso \u00e9 que o foco estar\u00e1 nas micro, pequenas e m\u00e9dias empresas.<\/p>\n<p>O PT entende que banco possui \u201cpapel decisivo\u201d no \u00e2mbito da pol\u00edtica industrial, do financiamento \u00e0 inova\u00e7\u00e3o, da transi\u00e7\u00e3o ecol\u00f3gica, do empreendedorismo, cooperativismo e na estrat\u00e9gia de inser\u00e7\u00e3o internacional das empresas brasileiras.<\/p>\n<p>As garantias soberanas propostas por Gal\u00edpolo permitem que o banco atue como garantidor do setor privado na tomada de empr\u00e9stimos no exterior. Dessa forma, se amplia o investimento com menor comprometimento do balan\u00e7o do banco e do or\u00e7amento p\u00fablico, que podem se voltar para o apoio \u00e0s micro e pequenas empresas, al\u00e9m de temas como inova\u00e7\u00e3o e transi\u00e7\u00e3o ecol\u00f3gica.<\/p>\n<p>Como ser\u00e1 a equipe econ\u00f4mica<br \/>\nA grande d\u00favida sobre Lula continua sendo a composi\u00e7\u00e3o do Minist\u00e9rio da Economia. Hoje, a tend\u00eancia \u00e9 de um pol\u00edtico assumir o cargo, que deve voltar a ser chamado de Minist\u00e9rio da Fazenda.<\/p>\n<p>Na bolsa de apostas, est\u00e3o nomes como o vice-presidente eleito Geraldo Alckmin, o deputado Alexandre Padilha (PT-SP), do ex-governador do Piau\u00ed e do senador eleito Wellington Dias, que \u00e9 bastante pr\u00f3ximo a Lula. Tamb\u00e9m est\u00e3o na lista o governador da Bahia, Rui Costa e Fernando Haddad, derrotado na elei\u00e7\u00e3o para o governo de S\u00e3o Paulo.<\/p>\n<p>Nos \u00faltimos dias, o ex-ministro Henrique Meirelles alinhou o seu discurso a Lula e passou a entrar na bolsa de apostas para o cargo \u2014 ele foi presidente do Banco Central durante os dois mandatos de Lula, entre 2003 e 2010.<\/p>\n<p>Outro nome que pode fazer parte da equipe econ\u00f4mica \u00e9 o do atual secret\u00e1rio de Fazenda de S\u00e3o Paulo, Felipe Salto, ex-diretor da Institui\u00e7\u00e3o Fiscal Independente (IFI). Embora fa\u00e7a parte da equipe de Rodrigo Garcia (PSDB), que trabalhou para a elei\u00e7\u00e3o de Jair Bolsonaro, Salto declarou voto em Lula ainda no primeiro turno.<\/p>\n<p>Como o GLOBO mostrou, coordenadores da campanha e aliados de Lula estimam uma participa\u00e7\u00e3o ativa de economistas liberais na transi\u00e7\u00e3o de governo e mesmo na Esplanada dos Minist\u00e9rios. Nas articula\u00e7\u00f5es da reta final do segundo turno, Lula enfatizou que seu governo n\u00e3o ser\u00e1 gerido apenas pelo PT.<\/p>\n<p>Fonte: O Globo<\/p>\n","protected":false},"excerpt":{"rendered":"<p>O presidente eleito Luiz In\u00e1cio Lula da Silva (PT) come\u00e7a a discutir a composi\u00e7\u00e3o da equipe econ\u00f4mica e do comando das empresas estatais, como Petrobras&#8230;<\/p>\n","protected":false},"author":1527,"featured_media":42169,"comment_status":"closed","ping_status":"closed","sticky":false,"template":"","format":"standard","meta":{"footnotes":""},"categories":[6],"tags":[],"class_list":["post-42168","post","type-post","status-publish","format-standard","has-post-thumbnail","hentry","category-noticias"],"_links":{"self":[{"href":"https:\/\/www.sincomam.org.br\/index.php\/wp-json\/wp\/v2\/posts\/42168","targetHints":{"allow":["GET"]}}],"collection":[{"href":"https:\/\/www.sincomam.org.br\/index.php\/wp-json\/wp\/v2\/posts"}],"about":[{"href":"https:\/\/www.sincomam.org.br\/index.php\/wp-json\/wp\/v2\/types\/post"}],"author":[{"embeddable":true,"href":"https:\/\/www.sincomam.org.br\/index.php\/wp-json\/wp\/v2\/users\/1527"}],"replies":[{"embeddable":true,"href":"https:\/\/www.sincomam.org.br\/index.php\/wp-json\/wp\/v2\/comments?post=42168"}],"version-history":[{"count":1,"href":"https:\/\/www.sincomam.org.br\/index.php\/wp-json\/wp\/v2\/posts\/42168\/revisions"}],"predecessor-version":[{"id":42170,"href":"https:\/\/www.sincomam.org.br\/index.php\/wp-json\/wp\/v2\/posts\/42168\/revisions\/42170"}],"wp:featuredmedia":[{"embeddable":true,"href":"https:\/\/www.sincomam.org.br\/index.php\/wp-json\/wp\/v2\/media\/42169"}],"wp:attachment":[{"href":"https:\/\/www.sincomam.org.br\/index.php\/wp-json\/wp\/v2\/media?parent=42168"}],"wp:term":[{"taxonomy":"category","embeddable":true,"href":"https:\/\/www.sincomam.org.br\/index.php\/wp-json\/wp\/v2\/categories?post=42168"},{"taxonomy":"post_tag","embeddable":true,"href":"https:\/\/www.sincomam.org.br\/index.php\/wp-json\/wp\/v2\/tags?post=42168"}],"curies":[{"name":"wp","href":"https:\/\/api.w.org\/{rel}","templated":true}]}}