{"id":42149,"date":"2022-10-31T08:37:23","date_gmt":"2022-10-31T11:37:23","guid":{"rendered":"http:\/\/www.sincomam.org.br\/?p=42149"},"modified":"2022-10-31T08:37:23","modified_gmt":"2022-10-31T11:37:23","slug":"comitiva-da-mb-visita-o-chefe-do-estado-maior-da-marinha-nacional-do-senegal-em-dakar","status":"publish","type":"post","link":"https:\/\/www.sincomam.org.br\/index.php\/comitiva-da-mb-visita-o-chefe-do-estado-maior-da-marinha-nacional-do-senegal-em-dakar\/","title":{"rendered":"Comitiva da MB visita o Chefe do Estado-Maior da Marinha Nacional do Senegal em Dakar"},"content":{"rendered":"<p>No dia 25 de outubro, a Adid\u00e2ncia de Defesa, Naval, do Ex\u00e9rcito e Aeron\u00e1utica no Senegal, Benin e Togo recebeu, na Base Naval Almirante Faye Gassama, em Dakar, Senegal, o Navio-Patrulha Oce\u00e2nico (NPaOc) \u201cAraguari\u201d, subordinado ao Comando do Grupamento de Patrulha Naval do Nordeste, que atracou, ap\u00f3s o t\u00e9rmino de sua participa\u00e7\u00e3o na quinta edi\u00e7\u00e3o do Exerc\u00edcio Multinacional \u201cGrand African NEMO 2022\u201d (GANo 2022), ocorrida na \u00e1rea Mar\u00edtima do Golfo da Guin\u00e9.<\/p>\n<p>Na ocasi\u00e3o, o Adido de Defesa, Naval, do Ex\u00e9rcito e Aeron\u00e1utico no Senegal, Benin e Togo, o Capit\u00e3o de Mar e Guerra Raphael Gustavo Frischgesell, acompanhado do Comandante do NPaOc \u201cAraguari\u201d, Capit\u00e3o de Fragata James Ac\u00e2mpora Bessa Pinto, visitaram o Chefe do Estado-Maior da Marinha Nacional do Senegal, o Contra-Almirante Oumar Wade, maior autoridade mar\u00edtima do pa\u00eds.<\/p>\n<p>Ainda na noite de 25 de outubro, foi realizado um encontro a bordo do navio, que contou com a presen\u00e7a de diversas autoridades civis, militares de Marinhas amigasem cargos de adid\u00e2ncia, e autoridades diplom\u00e1ticas, entre elas o Embaixador do Brasil no Senegal, Bruno Luiz dos Santos Cobuccio, a Embaixadora da Argentina no Senegal, M\u00e1rcia Levaggi, o Chefe do Estado-Maior da Marinha Nacional do Senegal, e o Padre Micael Carlos Dresh Andrejzwski, N\u00fancio Apost\u00f3lico da Santa S\u00e9 no Senegal.<\/p>\n<p>O Senegal faz parte dos pa\u00edses com quem o Brasil mant\u00e9m estreitas rela\u00e7\u00f5es. A presen\u00e7a do navio na Base Naval refor\u00e7a os la\u00e7os de amizade e incrementa o n\u00edvel de interoperabilidade entre essas marinhas, que inclui a forma\u00e7\u00e3o de Oficiais e Pra\u00e7as em institui\u00e7\u00f5es militares da MB, al\u00e9m de contribuir para o cumprimento de uma das miss\u00f5es da Marinha do Brasil, que \u00e9 o apoio \u00e0 pol\u00edtica externa.<\/p>\n<div class=\"td-g-rec td-g-rec-id-content_bottom td_uid_4_635e87cca7656_rand td_block_template_11\">Fonte: Defesa em Foco<\/div>\n","protected":false},"excerpt":{"rendered":"<p>No dia 25 de outubro, a Adid\u00e2ncia de Defesa, Naval, do Ex\u00e9rcito e Aeron\u00e1utica no Senegal, Benin e Togo recebeu, na Base Naval Almirante Faye&#8230;<\/p>\n","protected":false},"author":1527,"featured_media":42150,"comment_status":"closed","ping_status":"closed","sticky":false,"template":"","format":"standard","meta":{"footnotes":""},"categories":[6],"tags":[],"class_list":["post-42149","post","type-post","status-publish","format-standard","has-post-thumbnail","hentry","category-noticias"],"_links":{"self":[{"href":"https:\/\/www.sincomam.org.br\/index.php\/wp-json\/wp\/v2\/posts\/42149","targetHints":{"allow":["GET"]}}],"collection":[{"href":"https:\/\/www.sincomam.org.br\/index.php\/wp-json\/wp\/v2\/posts"}],"about":[{"href":"https:\/\/www.sincomam.org.br\/index.php\/wp-json\/wp\/v2\/types\/post"}],"author":[{"embeddable":true,"href":"https:\/\/www.sincomam.org.br\/index.php\/wp-json\/wp\/v2\/users\/1527"}],"replies":[{"embeddable":true,"href":"https:\/\/www.sincomam.org.br\/index.php\/wp-json\/wp\/v2\/comments?post=42149"}],"version-history":[{"count":1,"href":"https:\/\/www.sincomam.org.br\/index.php\/wp-json\/wp\/v2\/posts\/42149\/revisions"}],"predecessor-version":[{"id":42151,"href":"https:\/\/www.sincomam.org.br\/index.php\/wp-json\/wp\/v2\/posts\/42149\/revisions\/42151"}],"wp:featuredmedia":[{"embeddable":true,"href":"https:\/\/www.sincomam.org.br\/index.php\/wp-json\/wp\/v2\/media\/42150"}],"wp:attachment":[{"href":"https:\/\/www.sincomam.org.br\/index.php\/wp-json\/wp\/v2\/media?parent=42149"}],"wp:term":[{"taxonomy":"category","embeddable":true,"href":"https:\/\/www.sincomam.org.br\/index.php\/wp-json\/wp\/v2\/categories?post=42149"},{"taxonomy":"post_tag","embeddable":true,"href":"https:\/\/www.sincomam.org.br\/index.php\/wp-json\/wp\/v2\/tags?post=42149"}],"curies":[{"name":"wp","href":"https:\/\/api.w.org\/{rel}","templated":true}]}}