{"id":42146,"date":"2022-10-31T08:36:04","date_gmt":"2022-10-31T11:36:04","guid":{"rendered":"http:\/\/www.sincomam.org.br\/?p=42146"},"modified":"2022-10-31T08:36:04","modified_gmt":"2022-10-31T11:36:04","slug":"hidrovias-do-brasil-avanca-no-projeto-dos-primeiros-empurradores-eletricos-do-mundo-2","status":"publish","type":"post","link":"https:\/\/www.sincomam.org.br\/index.php\/hidrovias-do-brasil-avanca-no-projeto-dos-primeiros-empurradores-eletricos-do-mundo-2\/","title":{"rendered":"Hidrovias do Brasil avan\u00e7a no projeto dos primeiros empurradores el\u00e9tricos do mundo"},"content":{"rendered":"<p>A Hidrovias do Brasil avan\u00e7a no projeto dos primeiros empurradores el\u00e9tricos de manobra do mundo. Nesta semana, uma das embarca\u00e7\u00f5es, o &#8220;HB Poraqu\u00ea&#8221;, foi lan\u00e7ada em \u00e1gua no estaleiro Belov, na Bahia, onde os empurradores el\u00e9tricos est\u00e3o sendo constru\u00eddos.<\/p>\n<p>O projeto contar\u00e1 com uma tecnologia in\u00e9dita na navega\u00e7\u00e3o interior, trazendo impacto positivo sustent\u00e1vel no modal hidrovi\u00e1rio: trata-se da gera\u00e7\u00e3o h\u00edbrida com baterias para reduzir as emiss\u00f5es de CO2 (g\u00e1s carb\u00f4nico) e contribuir para a migra\u00e7\u00e3o da matriz energ\u00e9tica para uma energia mais limpa. A expectativa \u00e9 evitar a emiss\u00e3o de at\u00e9 2.168 toneladas de CO2 na maturidade do projeto. Os empurradores v\u00e3o operar no Terminal de Uso Privado (TUP) da Hidrovias do Brasil, localizado em Barcarena (PA), \u00e1rea de grande circula\u00e7\u00e3o de embarca\u00e7\u00f5es, contribuindo para a redu\u00e7\u00e3o de emiss\u00f5es atmosf\u00e9ricas, ru\u00eddo e vibra\u00e7\u00e3o.<\/p>\n<p>A Hidrovias do Brasil \u00e9 uma empresa de log\u00edstica integrada com foco no aproveitamento do transporte hidrovi\u00e1rio, em toda a Am\u00e9rica do Sul. No Corredor Log\u00edstico Norte (Miritituba-Barcarena, Par\u00e1), disp\u00f5e de log\u00edstica para o transporte e escoamento de gr\u00e3os da regi\u00e3o Centro-Oeste do Brasil, al\u00e9m da opera\u00e7\u00e3o de cabotagem para transporte de min\u00e9rios. J\u00e1 no Corredor Log\u00edstico Sul, a empresa opera por meio da Hidrovia Paraguai-Paran\u00e1, onde movimenta cargas diversas, como commodities agr\u00edcolas, min\u00e9rios, fertilizantes, celulose, entre outras.<\/p>\n<p>Fonte: Portos e Navios<\/p>\n","protected":false},"excerpt":{"rendered":"<p>A Hidrovias do Brasil avan\u00e7a no projeto dos primeiros empurradores el\u00e9tricos de manobra do mundo. Nesta semana, uma das embarca\u00e7\u00f5es, o &#8220;HB Poraqu\u00ea&#8221;, foi lan\u00e7ada&#8230;<\/p>\n","protected":false},"author":1527,"featured_media":0,"comment_status":"closed","ping_status":"closed","sticky":false,"template":"","format":"standard","meta":{"footnotes":""},"categories":[6],"tags":[],"class_list":["post-42146","post","type-post","status-publish","format-standard","hentry","category-noticias"],"_links":{"self":[{"href":"https:\/\/www.sincomam.org.br\/index.php\/wp-json\/wp\/v2\/posts\/42146","targetHints":{"allow":["GET"]}}],"collection":[{"href":"https:\/\/www.sincomam.org.br\/index.php\/wp-json\/wp\/v2\/posts"}],"about":[{"href":"https:\/\/www.sincomam.org.br\/index.php\/wp-json\/wp\/v2\/types\/post"}],"author":[{"embeddable":true,"href":"https:\/\/www.sincomam.org.br\/index.php\/wp-json\/wp\/v2\/users\/1527"}],"replies":[{"embeddable":true,"href":"https:\/\/www.sincomam.org.br\/index.php\/wp-json\/wp\/v2\/comments?post=42146"}],"version-history":[{"count":1,"href":"https:\/\/www.sincomam.org.br\/index.php\/wp-json\/wp\/v2\/posts\/42146\/revisions"}],"predecessor-version":[{"id":42148,"href":"https:\/\/www.sincomam.org.br\/index.php\/wp-json\/wp\/v2\/posts\/42146\/revisions\/42148"}],"wp:attachment":[{"href":"https:\/\/www.sincomam.org.br\/index.php\/wp-json\/wp\/v2\/media?parent=42146"}],"wp:term":[{"taxonomy":"category","embeddable":true,"href":"https:\/\/www.sincomam.org.br\/index.php\/wp-json\/wp\/v2\/categories?post=42146"},{"taxonomy":"post_tag","embeddable":true,"href":"https:\/\/www.sincomam.org.br\/index.php\/wp-json\/wp\/v2\/tags?post=42146"}],"curies":[{"name":"wp","href":"https:\/\/api.w.org\/{rel}","templated":true}]}}