{"id":42064,"date":"2022-10-25T11:06:27","date_gmt":"2022-10-25T14:06:27","guid":{"rendered":"http:\/\/www.sincomam.org.br\/?p=42064"},"modified":"2022-10-25T11:06:27","modified_gmt":"2022-10-25T14:06:27","slug":"navio-de-ensino-volta-a-atracar-no-porto-de-paranagua","status":"publish","type":"post","link":"https:\/\/www.sincomam.org.br\/index.php\/navio-de-ensino-volta-a-atracar-no-porto-de-paranagua\/","title":{"rendered":"NAVIO DE ENSINO VOLTA A ATRACAR NO PORTO DE PARANAGU\u00c1"},"content":{"rendered":"<p>Depois de dois anos de pausa, devido \u00e0 pandemia, o navio de ensino Ci\u00eancias do Mar I volta a atracar no Porto de Paranagu\u00e1. Nesta segunda-feira (24), 12 alunos e quatro professores do Centro de Estudos do Mar, da Universidade Federal do Paran\u00e1 (UFPR), embarcaram no terminal paranaense para mais uma miss\u00e3o de forma\u00e7\u00e3o.<\/p>\n<p>O grupo fica em atividade at\u00e9 sexta-feira (28). A embarca\u00e7\u00e3o, por\u00e9m, permanece atracada para receber um novo grupo na pr\u00f3xima segunda-feira (31). Nesse segundo embarque, v\u00e3o a bordo alunos e professores da Universidade Estadual do Oeste do Paran\u00e1 (Unioeste).<\/p>\n<p>\u201cPara a gente \u00e9 sempre um prazer atender as embarca\u00e7\u00f5es de ensino que contribuem para a forma\u00e7\u00e3o t\u00e9cnica e para o cuidado com o meio ambiente\u201d, afirma o diretor de Opera\u00e7\u00f5es da Portos do Paran\u00e1, Luiz Teixeira da Silva Junior.<\/p>\n<p>O Ci\u00eancias do Mar I \u00e9 um laborat\u00f3rio flutuante e, desde 2018, atua na forma\u00e7\u00e3o de alunos de diversos cursos ligados ao oceano, de universidades do Paran\u00e1, Rio Grande do Sul e Santa Catarina.<\/p>\n<p>Segundo o professor de Oceanografia F\u00edsica e Sensoriamento Remoto do CEM,\u00a0Mauricio Almeida Noernberg, o objetivo \u00e9 que os alunos tenham a experi\u00eancia de trabalhar embarcados.<\/p>\n<p>\u201cEssa \u00e9 a oportunidade que eles t\u00eam de estarem em contato com os principais equipamentos, fazerem as coletas biol\u00f3gicas, geol\u00f3gicas, qu\u00edmicas e f\u00edsicas\u201d, explica.<\/p>\n<p>A experi\u00eancia contribui, tamb\u00e9m, para a atividade profissional dos futuros ocean\u00f3grafos. \u201cO trabalho embarcado \u00e9 uma das grandes \u00e1reas de atra\u00e7\u00e3o do mercado de trabalho e emprego para os profissionais da \u00e1rea de Oceanografia: levantamentos offshore, observa\u00e7\u00e3o de pesca\u201d, lista o professor.<\/p>\n<p>EMBARCA\u00c7\u00c3O \u2013 A tripula\u00e7\u00e3o do Ci\u00eancias do Mar I \u00e9 de 10 pessoas. Al\u00e9m de comandar o navio, Onildo Leal Gaia tamb\u00e9m coordena as atividades de recolhimento de amostras que os alunos e professores fazem em mar, para os estudos. Ele, que \u00e9 mar\u00edtimo h\u00e1 quase 47 anos, conta que cada viagem \u00e9 diferente.<\/p>\n<p>\u201cCada vez que a gente sai, eu aprendo algo novo. Fa\u00e7o quest\u00e3o de ir ao conv\u00e9s e interagir com os alunos e ver o que eles est\u00e3o coletando. Trabalhamos aqui com 14 tipos de equipamentos. Sempre tem algo diferente e isso enriquece\u201d, comenta o capit\u00e3o.<\/p>\n<p>Fonte: Informativo dos Portos<\/p>\n","protected":false},"excerpt":{"rendered":"<p>Depois de dois anos de pausa, devido \u00e0 pandemia, o navio de ensino Ci\u00eancias do Mar I volta a atracar no Porto de Paranagu\u00e1. Nesta&#8230;<\/p>\n","protected":false},"author":1527,"featured_media":42065,"comment_status":"closed","ping_status":"closed","sticky":false,"template":"","format":"standard","meta":{"footnotes":""},"categories":[6],"tags":[],"class_list":["post-42064","post","type-post","status-publish","format-standard","has-post-thumbnail","hentry","category-noticias"],"_links":{"self":[{"href":"https:\/\/www.sincomam.org.br\/index.php\/wp-json\/wp\/v2\/posts\/42064","targetHints":{"allow":["GET"]}}],"collection":[{"href":"https:\/\/www.sincomam.org.br\/index.php\/wp-json\/wp\/v2\/posts"}],"about":[{"href":"https:\/\/www.sincomam.org.br\/index.php\/wp-json\/wp\/v2\/types\/post"}],"author":[{"embeddable":true,"href":"https:\/\/www.sincomam.org.br\/index.php\/wp-json\/wp\/v2\/users\/1527"}],"replies":[{"embeddable":true,"href":"https:\/\/www.sincomam.org.br\/index.php\/wp-json\/wp\/v2\/comments?post=42064"}],"version-history":[{"count":1,"href":"https:\/\/www.sincomam.org.br\/index.php\/wp-json\/wp\/v2\/posts\/42064\/revisions"}],"predecessor-version":[{"id":42066,"href":"https:\/\/www.sincomam.org.br\/index.php\/wp-json\/wp\/v2\/posts\/42064\/revisions\/42066"}],"wp:featuredmedia":[{"embeddable":true,"href":"https:\/\/www.sincomam.org.br\/index.php\/wp-json\/wp\/v2\/media\/42065"}],"wp:attachment":[{"href":"https:\/\/www.sincomam.org.br\/index.php\/wp-json\/wp\/v2\/media?parent=42064"}],"wp:term":[{"taxonomy":"category","embeddable":true,"href":"https:\/\/www.sincomam.org.br\/index.php\/wp-json\/wp\/v2\/categories?post=42064"},{"taxonomy":"post_tag","embeddable":true,"href":"https:\/\/www.sincomam.org.br\/index.php\/wp-json\/wp\/v2\/tags?post=42064"}],"curies":[{"name":"wp","href":"https:\/\/api.w.org\/{rel}","templated":true}]}}