{"id":42051,"date":"2022-10-25T10:27:06","date_gmt":"2022-10-25T13:27:06","guid":{"rendered":"http:\/\/www.sincomam.org.br\/?p=42051"},"modified":"2022-10-25T10:27:06","modified_gmt":"2022-10-25T13:27:06","slug":"porto-de-natal-comemora-90-anos-com-retomada-de-cruzeiros","status":"publish","type":"post","link":"https:\/\/www.sincomam.org.br\/index.php\/porto-de-natal-comemora-90-anos-com-retomada-de-cruzeiros\/","title":{"rendered":"Porto de Natal comemora 90 anos com retomada de cruzeiros"},"content":{"rendered":"<p>O Porto de Natal recebeu neste domingo (23) o primeiro navio de cruzeiro ap\u00f3s a pandemia da Covid-19. Foi o &#8220;Silver Cloud&#8221;, operado pela Silversea Cruises, a marca de luxo do conglomerado de linhas de cruzeiro do Royal Caribbean Group. Tem capacidade para 254 h\u00f3spedes e uma tripula\u00e7\u00e3o de 212 pessoas. A embarca\u00e7\u00e3o de luxo veio de Mindelo em Cabo Verde e ap\u00f3s Natal o pr\u00f3ximo destino \u00e9 Salvador (BA).<\/p>\n<p>S\u00e3o esperados, at\u00e9 abril de 2023, mais oito navios. O primeiro recebido tem bandeira das Bahamas e 17.400 toneladas. Os ocupantes passaram o dia em passeios pela capital e praias do Rio Grande do Norte, movimentando a economia local e deixando uma m\u00e9dia de 200 d\u00f3lares cada.<\/p>\n<p>A atraca\u00e7\u00e3o de cruzeiros foi proibida desde mar\u00e7o de 2020, logo ap\u00f3s a confirma\u00e7\u00e3o dos primeiros casos da Covid-19. Portanto, o setor foi um dos mais afetados e agora inicia a retomada de uma atividade importante para o Porto de Natal e o turismo como um todo. A estimativa \u00e9 que a nova temporada movimente R$ 3,3 bilh\u00f5es no pa\u00eds.<\/p>\n<p>Anivers\u00e1rio<\/p>\n<p>O Porto de Natal completou 90 anos nesta segunda-feira (24). Foi inaugurado em 1932 durante o governo de Get\u00falio Vargas. A obra foi gerenciada pelo engenheiro Hildebrando de G\u00f3is que na \u00e9poca chefiava a extinta Inspetoria Fiscal dos Portos, Rios e Canais com sede no Rio de Janeiro. O engenheiro D\u00e9cio Fonseca foi o primeiro administrador do Porto de Natal.<\/p>\n<p>Passa por uma fase de expans\u00e3o de atividades e procura de novos neg\u00f3cios. Nos \u00faltimos dias embarcou toneladas de a\u00e7\u00facar e recebeu equipamentos da 3R Petroleum, al\u00e9m das movimenta\u00e7\u00f5es j\u00e1 existentes de exporta\u00e7\u00e3o de frutas para a Europa e a importa\u00e7\u00e3o de trigo para o Grande Moinho Potiguar.<\/p>\n<p>Fonte: Portos e Navios<\/p>\n<p>&nbsp;<\/p>\n","protected":false},"excerpt":{"rendered":"<p>O Porto de Natal recebeu neste domingo (23) o primeiro navio de cruzeiro ap\u00f3s a pandemia da Covid-19. Foi o &#8220;Silver Cloud&#8221;, operado pela Silversea&#8230;<\/p>\n","protected":false},"author":1527,"featured_media":42052,"comment_status":"closed","ping_status":"closed","sticky":false,"template":"","format":"standard","meta":{"footnotes":""},"categories":[6],"tags":[],"class_list":["post-42051","post","type-post","status-publish","format-standard","has-post-thumbnail","hentry","category-noticias"],"_links":{"self":[{"href":"https:\/\/www.sincomam.org.br\/index.php\/wp-json\/wp\/v2\/posts\/42051","targetHints":{"allow":["GET"]}}],"collection":[{"href":"https:\/\/www.sincomam.org.br\/index.php\/wp-json\/wp\/v2\/posts"}],"about":[{"href":"https:\/\/www.sincomam.org.br\/index.php\/wp-json\/wp\/v2\/types\/post"}],"author":[{"embeddable":true,"href":"https:\/\/www.sincomam.org.br\/index.php\/wp-json\/wp\/v2\/users\/1527"}],"replies":[{"embeddable":true,"href":"https:\/\/www.sincomam.org.br\/index.php\/wp-json\/wp\/v2\/comments?post=42051"}],"version-history":[{"count":1,"href":"https:\/\/www.sincomam.org.br\/index.php\/wp-json\/wp\/v2\/posts\/42051\/revisions"}],"predecessor-version":[{"id":42053,"href":"https:\/\/www.sincomam.org.br\/index.php\/wp-json\/wp\/v2\/posts\/42051\/revisions\/42053"}],"wp:featuredmedia":[{"embeddable":true,"href":"https:\/\/www.sincomam.org.br\/index.php\/wp-json\/wp\/v2\/media\/42052"}],"wp:attachment":[{"href":"https:\/\/www.sincomam.org.br\/index.php\/wp-json\/wp\/v2\/media?parent=42051"}],"wp:term":[{"taxonomy":"category","embeddable":true,"href":"https:\/\/www.sincomam.org.br\/index.php\/wp-json\/wp\/v2\/categories?post=42051"},{"taxonomy":"post_tag","embeddable":true,"href":"https:\/\/www.sincomam.org.br\/index.php\/wp-json\/wp\/v2\/tags?post=42051"}],"curies":[{"name":"wp","href":"https:\/\/api.w.org\/{rel}","templated":true}]}}