{"id":4204,"date":"2014-03-14T08:08:30","date_gmt":"2014-03-14T11:08:30","guid":{"rendered":"http:\/\/www.sincomam.org.br\/?p=4204"},"modified":"2014-03-13T18:18:42","modified_gmt":"2014-03-13T21:18:42","slug":"agentes-penitenciarios-rejeitam-proposta-do-governo-e-mantem-greve-em-sp","status":"publish","type":"post","link":"https:\/\/www.sincomam.org.br\/index.php\/agentes-penitenciarios-rejeitam-proposta-do-governo-e-mantem-greve-em-sp\/","title":{"rendered":"Agentes penitenci\u00e1rios rejeitam proposta do governo e mant\u00eam greve em SP"},"content":{"rendered":"<p><b><i>Greve dos agentes de S\u00e3o Paulo atingiu 80 das 158 unidades do Estado<\/i><\/b><\/p>\n<p>Na noite desta ter\u00e7a-feira (11), assembleias realizadas em 13 das 14 sedes do Sindicato dos Agentes de Seguran\u00e7a Penitenci\u00e1ria do Estado de S\u00e3o Paulo (Sindasp) definiram a continuidade da greve da classe. Em Presidente Prudente, sede estadual do sindicato, a vota\u00e7\u00e3o para manter a paralisa\u00e7\u00e3o foi un\u00e2nime entre os cerca de 80 sindicalistas. Nove unidades se manifestaram a favor da paralisa\u00e7\u00e3o, por n\u00e3o aceitarem as propostas oferecidas pelo governo do Estado.<\/p>\n<p>De acordo com o diretor de comunica\u00e7\u00e3o do sindicato, Ismael Manoel dos Santos, nesta sexta-feira (14), um novo encontro deve realizado para definir o andamento da greve, que teve in\u00edcio na segunda-feira (10).<\/p>\n<p>A categoria reivindica diversos benef\u00edcios, entre eles, b\u00f4nus para os profissionais, corre\u00e7\u00e3o do aux\u00edlio-alimenta\u00e7\u00e3o, fim do teto base, convoca\u00e7\u00e3o remunerada durante a realiza\u00e7\u00e3o de blitz, bico legalizado, o aumento do quadro de servidores, a restrutura\u00e7\u00e3o da carreira e reajuste salarial de 20,64%, referente \u00e0 infla\u00e7\u00e3o acumulada de 2007 a 2012, al\u00e9m de 5% de aumento real.<\/p>\n<p>De acordo com o Sindicato dos Agentes de Seguran\u00e7a Penitenci\u00e1ria do Estado de S\u00e3o Paulo (Sindasp), 88 das 158 unidades prisionais do estado tiveram as atividades afetadas pela paralisa\u00e7\u00e3o dos servidores, conforme levantamento do final da tarde de ontem (11). Novos dados devem ser divulgados \u00e0 tarde. A Secretaria de Administra\u00e7\u00e3o Penitenci\u00e1ria (SAP) informou, por outro lado, que apenas 20% das unidades tiveram alguma atividade paralisada em raz\u00e3o da greve.<\/p>\n<p>Na manh\u00e3 desta ter\u00e7a-feira (11\/2), sindicalistas barraram a entrada e sa\u00edda de caminh\u00f5es e um \u00f4nibus com detentos nas penitenci\u00e1rias de Martin\u00f3polis, onde 14 caminh\u00f5es tentaram entrar, e Presidente Prudente, onde os servidores colocaram uma tubula\u00e7\u00e3o de concreto para impedir que um ve\u00edculo com presos sa\u00edsse. Os autom\u00f3veis permaneceram lacrados e parados na rodovia que d\u00e1 acesso aos pres\u00eddios at\u00e9 conseguirem negociar com os servidores e seguirem o transporte dos presos.<\/p>\n<p>Fonte: G1 \/ Foto: ilustrativa &#8211; Antigo Complexo Carandiru<\/p>\n","protected":false},"excerpt":{"rendered":"<p>Greve dos agentes de S\u00e3o Paulo atingiu 80 das 158 unidades do Estado Na noite desta ter\u00e7a-feira (11), assembleias realizadas em 13 das 14 sedes&#8230;<\/p>\n","protected":false},"author":1182,"featured_media":4205,"comment_status":"closed","ping_status":"closed","sticky":false,"template":"","format":"standard","meta":{"footnotes":""},"categories":[6],"tags":[],"class_list":["post-4204","post","type-post","status-publish","format-standard","has-post-thumbnail","hentry","category-noticias"],"_links":{"self":[{"href":"https:\/\/www.sincomam.org.br\/index.php\/wp-json\/wp\/v2\/posts\/4204","targetHints":{"allow":["GET"]}}],"collection":[{"href":"https:\/\/www.sincomam.org.br\/index.php\/wp-json\/wp\/v2\/posts"}],"about":[{"href":"https:\/\/www.sincomam.org.br\/index.php\/wp-json\/wp\/v2\/types\/post"}],"author":[{"embeddable":true,"href":"https:\/\/www.sincomam.org.br\/index.php\/wp-json\/wp\/v2\/users\/1182"}],"replies":[{"embeddable":true,"href":"https:\/\/www.sincomam.org.br\/index.php\/wp-json\/wp\/v2\/comments?post=4204"}],"version-history":[{"count":1,"href":"https:\/\/www.sincomam.org.br\/index.php\/wp-json\/wp\/v2\/posts\/4204\/revisions"}],"predecessor-version":[{"id":4206,"href":"https:\/\/www.sincomam.org.br\/index.php\/wp-json\/wp\/v2\/posts\/4204\/revisions\/4206"}],"wp:featuredmedia":[{"embeddable":true,"href":"https:\/\/www.sincomam.org.br\/index.php\/wp-json\/wp\/v2\/media\/4205"}],"wp:attachment":[{"href":"https:\/\/www.sincomam.org.br\/index.php\/wp-json\/wp\/v2\/media?parent=4204"}],"wp:term":[{"taxonomy":"category","embeddable":true,"href":"https:\/\/www.sincomam.org.br\/index.php\/wp-json\/wp\/v2\/categories?post=4204"},{"taxonomy":"post_tag","embeddable":true,"href":"https:\/\/www.sincomam.org.br\/index.php\/wp-json\/wp\/v2\/tags?post=4204"}],"curies":[{"name":"wp","href":"https:\/\/api.w.org\/{rel}","templated":true}]}}