{"id":42024,"date":"2022-10-24T08:49:29","date_gmt":"2022-10-24T11:49:29","guid":{"rendered":"http:\/\/www.sincomam.org.br\/?p=42024"},"modified":"2022-10-24T08:49:29","modified_gmt":"2022-10-24T11:49:29","slug":"porto-de-imbituba-homologa-empresa-que-executara-as-obras-de-melhorias-no-cais-3","status":"publish","type":"post","link":"https:\/\/www.sincomam.org.br\/index.php\/porto-de-imbituba-homologa-empresa-que-executara-as-obras-de-melhorias-no-cais-3\/","title":{"rendered":"Porto de Imbituba homologa empresa que executar\u00e1 as obras de melhorias no Cais 3"},"content":{"rendered":"<p>A SCPAR Porto de Imbituba homologou na quinta-feira (20) o resultado final da sess\u00e3o p\u00fablica de licita\u00e7\u00e3o para contratar a empresa de engenharia que far\u00e1 a obra de recupera\u00e7\u00e3o e refor\u00e7o do Cais 3. A vencedora foi a paranaense Cejen Engenharia, com proposta de R$ 92.097.500,00. A abertura do certame ocorreu em setembro e contou com seis concorrentes. Agora, o processo segue para assinatura do contrato.<\/p>\n<p>Constru\u00eddo h\u00e1 mais de 40 anos, atualmente o Cais 3 \u00e9 respons\u00e1vel por cerca de 30% da movimenta\u00e7\u00e3o do porto. A recupera\u00e7\u00e3o e refor\u00e7o do atracadouro ir\u00e1 viabilizar o recebimento de navios maiores no local, passando do limite atual de 205 metros de comprimento total para embarca\u00e7\u00f5es com at\u00e9 271 metros. Tamb\u00e9m permitir\u00e1 a instala\u00e7\u00e3o de novos equipamentos de movimenta\u00e7\u00e3o de cargas, como um shiploader de at\u00e9 2.500 toneladas\/hora, aumentando a capacidade operacional do Porto de Imbituba.<\/p>\n<p>Ap\u00f3s a assinatura do contrato com a Cejen, a previs\u00e3o \u00e9 de que a obra seja realizada em at\u00e9 30 meses e dividida em quatro fases. No per\u00edodo, a vencedora dever\u00e1 realizar reparos superficiais e profundos no concreto, colocar pavimento r\u00edgido em parte da retro\u00e1rea, fazer o refor\u00e7o estrutural das estacas de sustenta\u00e7\u00e3o, o que alargar\u00e1 o ber\u00e7o em aproximadamente 2,5 metros, readequar a drenagem e construir dois dolfins de atraca\u00e7\u00e3o\/amarra\u00e7\u00e3o de embarca\u00e7\u00f5es.<\/p>\n<p>Fonte: Portos e Navios<\/p>\n<p>&nbsp;<\/p>\n","protected":false},"excerpt":{"rendered":"<p>A SCPAR Porto de Imbituba homologou na quinta-feira (20) o resultado final da sess\u00e3o p\u00fablica de licita\u00e7\u00e3o para contratar a empresa de engenharia que far\u00e1&#8230;<\/p>\n","protected":false},"author":1527,"featured_media":42025,"comment_status":"closed","ping_status":"closed","sticky":false,"template":"","format":"standard","meta":{"footnotes":""},"categories":[6],"tags":[],"class_list":["post-42024","post","type-post","status-publish","format-standard","has-post-thumbnail","hentry","category-noticias"],"_links":{"self":[{"href":"https:\/\/www.sincomam.org.br\/index.php\/wp-json\/wp\/v2\/posts\/42024","targetHints":{"allow":["GET"]}}],"collection":[{"href":"https:\/\/www.sincomam.org.br\/index.php\/wp-json\/wp\/v2\/posts"}],"about":[{"href":"https:\/\/www.sincomam.org.br\/index.php\/wp-json\/wp\/v2\/types\/post"}],"author":[{"embeddable":true,"href":"https:\/\/www.sincomam.org.br\/index.php\/wp-json\/wp\/v2\/users\/1527"}],"replies":[{"embeddable":true,"href":"https:\/\/www.sincomam.org.br\/index.php\/wp-json\/wp\/v2\/comments?post=42024"}],"version-history":[{"count":1,"href":"https:\/\/www.sincomam.org.br\/index.php\/wp-json\/wp\/v2\/posts\/42024\/revisions"}],"predecessor-version":[{"id":42026,"href":"https:\/\/www.sincomam.org.br\/index.php\/wp-json\/wp\/v2\/posts\/42024\/revisions\/42026"}],"wp:featuredmedia":[{"embeddable":true,"href":"https:\/\/www.sincomam.org.br\/index.php\/wp-json\/wp\/v2\/media\/42025"}],"wp:attachment":[{"href":"https:\/\/www.sincomam.org.br\/index.php\/wp-json\/wp\/v2\/media?parent=42024"}],"wp:term":[{"taxonomy":"category","embeddable":true,"href":"https:\/\/www.sincomam.org.br\/index.php\/wp-json\/wp\/v2\/categories?post=42024"},{"taxonomy":"post_tag","embeddable":true,"href":"https:\/\/www.sincomam.org.br\/index.php\/wp-json\/wp\/v2\/tags?post=42024"}],"curies":[{"name":"wp","href":"https:\/\/api.w.org\/{rel}","templated":true}]}}