{"id":42016,"date":"2022-10-21T13:12:28","date_gmt":"2022-10-21T16:12:28","guid":{"rendered":"http:\/\/www.sincomam.org.br\/?p=42016"},"modified":"2022-10-21T13:12:28","modified_gmt":"2022-10-21T16:12:28","slug":"cerimonia-celebra-o-80o-aniversario-da-forca-naval-do-nordeste","status":"publish","type":"post","link":"https:\/\/www.sincomam.org.br\/index.php\/cerimonia-celebra-o-80o-aniversario-da-forca-naval-do-nordeste\/","title":{"rendered":"Cerim\u00f4nia celebra o 80\u00ba anivers\u00e1rio da For\u00e7a Naval do Nordeste"},"content":{"rendered":"<p>Em 19 de outubro ocorreu, na Base Naval do Rio de Janeiro (BNRJ), a cerim\u00f4nia alusiva ao 80\u00ba Anivers\u00e1rio da Cria\u00e7\u00e3o da For\u00e7a Naval do Nordeste (FNNE). Criada em 5 de outubro de 1942, a FNNE foi uma resposta da Marinha do Brasil para refor\u00e7ar a defesa no Atl\u00e2ntico Sul, a partir da inser\u00e7\u00e3o do Brasil na Segunda Guerra Mundial.<\/p>\n<p class=\" aBigClassNameToAvoidCollisionInText aBigClassNameToAvoidCollisionInText\">Presidida pelo Comandante de Opera\u00e7\u00f5es Navais, a cerim\u00f4nia foi abrilhantada pela presen\u00e7a do ex-Ministro da Marinha e ex-integrante da FNNE Almirante de Esquadra Alfredo Karam. O ent\u00e3o Tenente Karam serviu a bordo do Contratorpedeiro de Escolta \u201cBauru\u201d, incorporado em uma fase posterior \u00e0 FNNE. O 1\u00ba Vice-Presidente do Clube Naval, Vice-Almirante Edison Lawrence Mariath Dantas, tamb\u00e9m prestigiou a solenidade, a exemplo de outras autoridades. Entre os demais convidados, destaca-se a presen\u00e7a de familiares do Contra-Almirante Ary Parreiras, Comandante da Base Naval de Natal \u00e0 \u00e9poca da Segunda Grande Guerra. A Base desempenhou papel importante no aux\u00edlio \u00e0 FNNE, sendo fundamental para a manuten\u00e7\u00e3o da capacidade de combate dos navios.<\/p>\n<p>Ap\u00f3s a execu\u00e7\u00e3o do Hino Nacional, o Aspirante do 3o ano da Escola Naval GabrielLucas Lopes Whately proferiu uma alocu\u00e7\u00e3o sobre a import\u00e2ncia da data, representando o Clube Naval; na sequ\u00eancia, foi lida a Ordem do Dia do Comandante de Opera\u00e7\u00f5es Navais; e, em seguida, Capel\u00e3es Navais conduziram ora\u00e7\u00f5es em mem\u00f3ria aos ex-combatentes da FNNE, marinheiros que honraram a P\u00e1tria com o sacrif\u00edcio da pr\u00f3pria vida.<\/p>\n<p>Por fim, foram realizadas aposi\u00e7\u00f5es florais junto ao busto do Almirante Soares Dutra, Comandante da FNNE. O gesto expressa o reconhecimento da Marinha do Brasil a todos os her\u00f3is componentes daquela importante For\u00e7a Naval.<\/p>\n<p>Fonte: Defesa em Foco<\/p>\n","protected":false},"excerpt":{"rendered":"<p>Em 19 de outubro ocorreu, na Base Naval do Rio de Janeiro (BNRJ), a cerim\u00f4nia alusiva ao 80\u00ba Anivers\u00e1rio da Cria\u00e7\u00e3o da For\u00e7a Naval do&#8230;<\/p>\n","protected":false},"author":1527,"featured_media":42017,"comment_status":"closed","ping_status":"closed","sticky":false,"template":"","format":"standard","meta":{"footnotes":""},"categories":[6],"tags":[],"class_list":["post-42016","post","type-post","status-publish","format-standard","has-post-thumbnail","hentry","category-noticias"],"_links":{"self":[{"href":"https:\/\/www.sincomam.org.br\/index.php\/wp-json\/wp\/v2\/posts\/42016","targetHints":{"allow":["GET"]}}],"collection":[{"href":"https:\/\/www.sincomam.org.br\/index.php\/wp-json\/wp\/v2\/posts"}],"about":[{"href":"https:\/\/www.sincomam.org.br\/index.php\/wp-json\/wp\/v2\/types\/post"}],"author":[{"embeddable":true,"href":"https:\/\/www.sincomam.org.br\/index.php\/wp-json\/wp\/v2\/users\/1527"}],"replies":[{"embeddable":true,"href":"https:\/\/www.sincomam.org.br\/index.php\/wp-json\/wp\/v2\/comments?post=42016"}],"version-history":[{"count":1,"href":"https:\/\/www.sincomam.org.br\/index.php\/wp-json\/wp\/v2\/posts\/42016\/revisions"}],"predecessor-version":[{"id":42018,"href":"https:\/\/www.sincomam.org.br\/index.php\/wp-json\/wp\/v2\/posts\/42016\/revisions\/42018"}],"wp:featuredmedia":[{"embeddable":true,"href":"https:\/\/www.sincomam.org.br\/index.php\/wp-json\/wp\/v2\/media\/42017"}],"wp:attachment":[{"href":"https:\/\/www.sincomam.org.br\/index.php\/wp-json\/wp\/v2\/media?parent=42016"}],"wp:term":[{"taxonomy":"category","embeddable":true,"href":"https:\/\/www.sincomam.org.br\/index.php\/wp-json\/wp\/v2\/categories?post=42016"},{"taxonomy":"post_tag","embeddable":true,"href":"https:\/\/www.sincomam.org.br\/index.php\/wp-json\/wp\/v2\/tags?post=42016"}],"curies":[{"name":"wp","href":"https:\/\/api.w.org\/{rel}","templated":true}]}}