{"id":41991,"date":"2022-10-20T12:07:06","date_gmt":"2022-10-20T15:07:06","guid":{"rendered":"http:\/\/www.sincomam.org.br\/?p=41991"},"modified":"2022-10-20T12:07:06","modified_gmt":"2022-10-20T15:07:06","slug":"marinha-forma-novos-aquaviarios-em-macae-rj","status":"publish","type":"post","link":"https:\/\/www.sincomam.org.br\/index.php\/marinha-forma-novos-aquaviarios-em-macae-rj\/","title":{"rendered":"Marinha forma novos aquavi\u00e1rios em Maca\u00e9 (RJ)"},"content":{"rendered":"<p>Em 14 de outubro, foi realizada no p\u00e1tio da Capitania dos Portos de Maca\u00e9 (CPM) uma cerim\u00f4nia de formatura para 20 alunos do Curso de Forma\u00e7\u00e3o de Aquavi\u00e1rios (CFAQ) do 3\u00ba Grupo \u2013 Pescadores, Se\u00e7\u00e3o de Conv\u00e9s e de M\u00e1quinas da Turma 3 -2022.<\/p>\n<p class=\" aBigClassNameToAvoidCollisionInText aBigClassNameToAvoidCollisionInText\">O Curso CFAQ destina-se a habilitar o aluno com as compet\u00eancias exigidas para inscri\u00e7\u00e3o de aquavi\u00e1rio na categoria de Pescador Profissional (POP) e Motorista de Pesca (MOP), para o exerc\u00edcio da atividade exclusiva da pesca em embarca\u00e7\u00f5es de at\u00e9 10 Arquea\u00e7\u00e3o Bruta (AB), empregadas na navega\u00e7\u00e3o interior e nas \u00e1reas de navega\u00e7\u00e3o definidas nos limites estabelecidos pela autoridade mar\u00edtima de sua jurisdi\u00e7\u00e3o, n\u00e3o podendo afastar-se mais de 50 milhas da costa.<\/p>\n<div class=\"td-a-rec td-a-rec-id-content_inline td_uid_2_63501f8cda617_rand td_block_template_11\">\n<p>Durante o curso, os alunos aprenderam sobre condu\u00e7\u00e3o e opera\u00e7\u00e3o de embarca\u00e7\u00e3o de pesca, sistemas de propuls\u00e3o, formas seguras de navega\u00e7\u00e3o, a fim de evitar acidente no mar, al\u00e9m de t\u00e9cnicas de sobreviv\u00eancia pessoal, preven\u00e7\u00e3o e combate a inc\u00eandio e primeiros socorros.<\/p>\n<\/div>\n<p>Ap\u00f3s tr\u00eas semanas de intensos estudos, os 20 formandos foram declarados pescadores profissionais e receberam a Caderneta de Inscri\u00e7\u00e3o e Registro e ocertificado de conclus\u00e3o de Profici\u00eancia das m\u00e3os do Capit\u00e3o dos Portos de Maca\u00e9, que presidiu a cerim\u00f4nia e, em nome da Marinha, deu-lhes boas-vindas \u00e0 Comunidade Mar\u00edtima, ressaltando a import\u00e2ncia dessa habilita\u00e7\u00e3o e de exerc\u00ea-la com seriedade e comprometimento.<\/p>\n<p>Fonte: Defesa em Foco<\/p>\n","protected":false},"excerpt":{"rendered":"<p>Em 14 de outubro, foi realizada no p\u00e1tio da Capitania dos Portos de Maca\u00e9 (CPM) uma cerim\u00f4nia de formatura para 20 alunos do Curso de&#8230;<\/p>\n","protected":false},"author":1527,"featured_media":41992,"comment_status":"closed","ping_status":"closed","sticky":false,"template":"","format":"standard","meta":{"footnotes":""},"categories":[6],"tags":[],"class_list":["post-41991","post","type-post","status-publish","format-standard","has-post-thumbnail","hentry","category-noticias"],"_links":{"self":[{"href":"https:\/\/www.sincomam.org.br\/index.php\/wp-json\/wp\/v2\/posts\/41991","targetHints":{"allow":["GET"]}}],"collection":[{"href":"https:\/\/www.sincomam.org.br\/index.php\/wp-json\/wp\/v2\/posts"}],"about":[{"href":"https:\/\/www.sincomam.org.br\/index.php\/wp-json\/wp\/v2\/types\/post"}],"author":[{"embeddable":true,"href":"https:\/\/www.sincomam.org.br\/index.php\/wp-json\/wp\/v2\/users\/1527"}],"replies":[{"embeddable":true,"href":"https:\/\/www.sincomam.org.br\/index.php\/wp-json\/wp\/v2\/comments?post=41991"}],"version-history":[{"count":1,"href":"https:\/\/www.sincomam.org.br\/index.php\/wp-json\/wp\/v2\/posts\/41991\/revisions"}],"predecessor-version":[{"id":41993,"href":"https:\/\/www.sincomam.org.br\/index.php\/wp-json\/wp\/v2\/posts\/41991\/revisions\/41993"}],"wp:featuredmedia":[{"embeddable":true,"href":"https:\/\/www.sincomam.org.br\/index.php\/wp-json\/wp\/v2\/media\/41992"}],"wp:attachment":[{"href":"https:\/\/www.sincomam.org.br\/index.php\/wp-json\/wp\/v2\/media?parent=41991"}],"wp:term":[{"taxonomy":"category","embeddable":true,"href":"https:\/\/www.sincomam.org.br\/index.php\/wp-json\/wp\/v2\/categories?post=41991"},{"taxonomy":"post_tag","embeddable":true,"href":"https:\/\/www.sincomam.org.br\/index.php\/wp-json\/wp\/v2\/tags?post=41991"}],"curies":[{"name":"wp","href":"https:\/\/api.w.org\/{rel}","templated":true}]}}