{"id":4199,"date":"2014-03-14T08:12:02","date_gmt":"2014-03-14T11:12:02","guid":{"rendered":"http:\/\/www.sincomam.org.br\/?p=4199"},"modified":"2014-03-13T18:11:56","modified_gmt":"2014-03-13T21:11:56","slug":"autoridades-politicas-e-do-setor-de-petroleo-garantem-a-consolidacao-do-polo-naval-gaucho","status":"publish","type":"post","link":"https:\/\/www.sincomam.org.br\/index.php\/autoridades-politicas-e-do-setor-de-petroleo-garantem-a-consolidacao-do-polo-naval-gaucho\/","title":{"rendered":"Autoridades pol\u00edticas e do setor de petr\u00f3leo garantem a consolida\u00e7\u00e3o do Polo Naval Ga\u00facho"},"content":{"rendered":"<p>Durante a abertura da 3\u00aa Feira do Polo Naval RS, na \u00faltima ter\u00e7a-feira (11), o governador do Estado do Rio Grande do Sul Tarso Genro disse que o desenvolvimento do Rio Grande do Sul se encontra em situa\u00e7\u00e3o privilegiada e falou a respeito da import\u00e2ncia do parque agr\u00edcola ga\u00facho que movimenta a economia ga\u00facha. Sobre o Polo Naval enfatizou: \u201c\u00e9 o novo momento da metade sul que n\u00e3o \u00e9 mais o problema\u201d.<\/p>\n<p>O assessor da presid\u00eancia da Petrobras para conte\u00fado local, Paulo S\u00e9rgio Alonso falou sobre os planos da empresa para o futuro. \u201cQuando conversamos sobre nosso plano de neg\u00f3cios e os pontos cr\u00edticos desse plano \u00e9 a constru\u00e7\u00e3o de plataformas. Temos que cumprir todas as nossas datas de entrega, pois se acontecer, n\u00e3o iremos entregar o primeiro \u00f3leo\u201d, avalia ele. Mas Alonso acredita no potencial dos estaleiros brasileiros \u201cteremos condi\u00e7\u00f5es de competir com os grandes internacionais dentro de 10 anos\u201d, concluiu.<\/p>\n<p>Na sequ\u00eancia, o coordenador-geral de petr\u00f3leo, g\u00e1s e naval do Minist\u00e9rio do Desenvolvimento, Ind\u00fastria e Com\u00e9rcio Exterior, Jo\u00e3o Rossi explanou sobre a preocupa\u00e7\u00e3o da pasta em apoiar os setores na amplia\u00e7\u00e3o dos investimentos e fortalecimento da ind\u00fastria. \u201cTemos visto com bons olhos o que est\u00e1 acontecendo no Rio Grande do Sul. Um esfor\u00e7o do empresariado e temos trabalhado para isso dar certo&#8221;, disse.<\/p>\n<p>Tamb\u00e9m presente na ocasi\u00e3o, o superintendente de pesquisa e desenvolvimento tecnol\u00f3gico da Ag\u00eancia Nacional do Petr\u00f3leo, G\u00e1s e Biocombust\u00edveis (ANP) destacou a import\u00e2ncia do fortalecimento e reativa\u00e7\u00e3o da ind\u00fastria naval voltada ao petr\u00f3leo.<\/p>\n<p>O prefeito de Rio Grande, Alexandre Lindenmeyer informou que o caminho que a cidade est\u00e1 indo \u201c\u00e9 uma m\u00e3o \u00fanica a consolida\u00e7\u00e3o da ind\u00fastria naval e ela precisa ser competitiva e uma alternativa de emprego e renda para o povo. H\u00e1 10 anos tinha dificuldades na FURG at\u00e9 para pagar a conta de luz hoje temos uma Universidade com 13 mil alunos e 55 cursos\u201d.<\/p>\n<p>Fonte: Reda\u00e7\u00e3o TN\/ Ascom Feira do Polo Naval<\/p>\n","protected":false},"excerpt":{"rendered":"<p>Durante a abertura da 3\u00aa Feira do Polo Naval RS, na \u00faltima ter\u00e7a-feira (11), o governador do Estado do Rio Grande do Sul Tarso Genro&#8230;<\/p>\n","protected":false},"author":1182,"featured_media":0,"comment_status":"closed","ping_status":"closed","sticky":false,"template":"","format":"standard","meta":{"footnotes":""},"categories":[6],"tags":[],"class_list":["post-4199","post","type-post","status-publish","format-standard","hentry","category-noticias"],"_links":{"self":[{"href":"https:\/\/www.sincomam.org.br\/index.php\/wp-json\/wp\/v2\/posts\/4199","targetHints":{"allow":["GET"]}}],"collection":[{"href":"https:\/\/www.sincomam.org.br\/index.php\/wp-json\/wp\/v2\/posts"}],"about":[{"href":"https:\/\/www.sincomam.org.br\/index.php\/wp-json\/wp\/v2\/types\/post"}],"author":[{"embeddable":true,"href":"https:\/\/www.sincomam.org.br\/index.php\/wp-json\/wp\/v2\/users\/1182"}],"replies":[{"embeddable":true,"href":"https:\/\/www.sincomam.org.br\/index.php\/wp-json\/wp\/v2\/comments?post=4199"}],"version-history":[{"count":1,"href":"https:\/\/www.sincomam.org.br\/index.php\/wp-json\/wp\/v2\/posts\/4199\/revisions"}],"predecessor-version":[{"id":4200,"href":"https:\/\/www.sincomam.org.br\/index.php\/wp-json\/wp\/v2\/posts\/4199\/revisions\/4200"}],"wp:attachment":[{"href":"https:\/\/www.sincomam.org.br\/index.php\/wp-json\/wp\/v2\/media?parent=4199"}],"wp:term":[{"taxonomy":"category","embeddable":true,"href":"https:\/\/www.sincomam.org.br\/index.php\/wp-json\/wp\/v2\/categories?post=4199"},{"taxonomy":"post_tag","embeddable":true,"href":"https:\/\/www.sincomam.org.br\/index.php\/wp-json\/wp\/v2\/tags?post=4199"}],"curies":[{"name":"wp","href":"https:\/\/api.w.org\/{rel}","templated":true}]}}