{"id":41979,"date":"2022-10-20T10:59:16","date_gmt":"2022-10-20T13:59:16","guid":{"rendered":"http:\/\/www.sincomam.org.br\/?p=41979"},"modified":"2022-10-20T10:59:16","modified_gmt":"2022-10-20T13:59:16","slug":"santos-brasil-vetores-de-crescimento-serao-conteiner-logistica-integrada-e-graneis-liquidos","status":"publish","type":"post","link":"https:\/\/www.sincomam.org.br\/index.php\/santos-brasil-vetores-de-crescimento-serao-conteiner-logistica-integrada-e-graneis-liquidos\/","title":{"rendered":"Santos Brasil: Vetores de crescimento ser\u00e3o cont\u00eainer, log\u00edstica integrada e gran\u00e9is l\u00edquidos"},"content":{"rendered":"<p>A Santos Brasil ter\u00e1 tr\u00eas principais vetores de crescimento: cont\u00eaineres, log\u00edstica integrada e gran\u00e9is l\u00edquidos, afirmou o presidente da companhia, Antonio Carlos Sep\u00falveda, no Santos Brasil Day, encontro com investidores realizado nesta quarta-feira (19).<\/p>\n<p>\u201cO nosso grande neg\u00f3cio \u00e9 cont\u00eainer, com o Tecon Santos. O segundo neg\u00f3cio \u00e9 a log\u00edstica integrada ao porto, que acontece basicamente no Porto de Santos. Buscamos fazer \u2018cross-selling\u2019 com os cont\u00eaineres descarregados\u201d, disse ele.<\/p>\n<p>\u201cE o neg\u00f3cio mais novo da empresa \u00e9 gran\u00e9is l\u00edquidos no porto de Itaqui. Estudamos muito isso durante anos, principalmente por causa da ader\u00eancia ao agroneg\u00f3cio. Vamos movimentar \u00f3leo diesel para o agroneg\u00f3cio do Matopi [Maranh\u00e3o, Tocantins, Piau\u00ed]\u201d, afirmou.<\/p>\n<p>Segundo o executivo, a companhia conseguiu antecipar o in\u00edcio da opera\u00e7\u00e3o em Itaqui. \u201cO projeto j\u00e1 tem 25% para operar. Quanto mais nos aprofundamos na regi\u00e3o, mais vemos a imensid\u00e3o daquele mercado\u201d, disse ele.<\/p>\n<p>Fonte: Valor<\/p>\n","protected":false},"excerpt":{"rendered":"<p>A Santos Brasil ter\u00e1 tr\u00eas principais vetores de crescimento: cont\u00eaineres, log\u00edstica integrada e gran\u00e9is l\u00edquidos, afirmou o presidente da companhia, Antonio Carlos Sep\u00falveda, no Santos&#8230;<\/p>\n","protected":false},"author":1527,"featured_media":41980,"comment_status":"closed","ping_status":"closed","sticky":false,"template":"","format":"standard","meta":{"footnotes":""},"categories":[6],"tags":[],"class_list":["post-41979","post","type-post","status-publish","format-standard","has-post-thumbnail","hentry","category-noticias"],"_links":{"self":[{"href":"https:\/\/www.sincomam.org.br\/index.php\/wp-json\/wp\/v2\/posts\/41979","targetHints":{"allow":["GET"]}}],"collection":[{"href":"https:\/\/www.sincomam.org.br\/index.php\/wp-json\/wp\/v2\/posts"}],"about":[{"href":"https:\/\/www.sincomam.org.br\/index.php\/wp-json\/wp\/v2\/types\/post"}],"author":[{"embeddable":true,"href":"https:\/\/www.sincomam.org.br\/index.php\/wp-json\/wp\/v2\/users\/1527"}],"replies":[{"embeddable":true,"href":"https:\/\/www.sincomam.org.br\/index.php\/wp-json\/wp\/v2\/comments?post=41979"}],"version-history":[{"count":1,"href":"https:\/\/www.sincomam.org.br\/index.php\/wp-json\/wp\/v2\/posts\/41979\/revisions"}],"predecessor-version":[{"id":41981,"href":"https:\/\/www.sincomam.org.br\/index.php\/wp-json\/wp\/v2\/posts\/41979\/revisions\/41981"}],"wp:featuredmedia":[{"embeddable":true,"href":"https:\/\/www.sincomam.org.br\/index.php\/wp-json\/wp\/v2\/media\/41980"}],"wp:attachment":[{"href":"https:\/\/www.sincomam.org.br\/index.php\/wp-json\/wp\/v2\/media?parent=41979"}],"wp:term":[{"taxonomy":"category","embeddable":true,"href":"https:\/\/www.sincomam.org.br\/index.php\/wp-json\/wp\/v2\/categories?post=41979"},{"taxonomy":"post_tag","embeddable":true,"href":"https:\/\/www.sincomam.org.br\/index.php\/wp-json\/wp\/v2\/tags?post=41979"}],"curies":[{"name":"wp","href":"https:\/\/api.w.org\/{rel}","templated":true}]}}