{"id":4196,"date":"2014-03-14T08:25:21","date_gmt":"2014-03-14T11:25:21","guid":{"rendered":"http:\/\/www.sincomam.org.br\/?p=4196"},"modified":"2014-03-13T18:03:41","modified_gmt":"2014-03-13T21:03:41","slug":"comissao-da-camara-vai-ouvir-graca-foster-sobre-denuncia-de-propina","status":"publish","type":"post","link":"https:\/\/www.sincomam.org.br\/index.php\/comissao-da-camara-vai-ouvir-graca-foster-sobre-denuncia-de-propina\/","title":{"rendered":"Comiss\u00e3o da C\u00e2mara vai ouvir Gra\u00e7a Foster sobre den\u00fancia de propina"},"content":{"rendered":"<p><b><i>Den\u00fancias envolvem contratos firmados entre a estatal e a empresa SBM Offshore<\/i><\/b><\/p>\n<p>A presidente da Petrobras, Gra\u00e7a Foster, ser\u00e1 convidada, nos pr\u00f3ximos dias, para explicar aos deputados da Comiss\u00e3o de Fiscaliza\u00e7\u00e3o Financeira e Controle da C\u00e2mara detalhes sobre as den\u00fancias envolvendo contratos firmados entre a estatal e a empresa SBM Offshore. Pelo requerimento aprovado h\u00e1 pouco, o colegiado espera ouvir o que a Petrobras tem feito sobre a suspeita de irregularidades, desde que o caso foi divulgado. A expectativa \u00e9 que a audi\u00eancia p\u00fablica com Foster ocorra ainda este m\u00eas.<\/p>\n<p>O convite foi aprovado um dia depois que os parlamentares decidiram criar uma comiss\u00e3o externa para acompanhar a investiga\u00e7\u00e3o sobre pagamento de propina pela empresa, sediada na Holanda, a funcion\u00e1rios da estatal brasileira. Pelas den\u00fancias divulgadas por partidos de oposi\u00e7\u00e3o ao governo, o pagamento seria feito para garantir contratos de loca\u00e7\u00e3o de plataformas petrol\u00edferas entre 2005 e 2012.<\/p>\n<p>A presen\u00e7a de Gra\u00e7a Foster independe da instala\u00e7\u00e3o da comiss\u00e3o externa, que ter\u00e1 integrantes indicados pelos partidos. De acordo com a Mesa Diretora da C\u00e2mara, o presidente da Casa, Henrique Eduardo Alves (PMDB-RN), deve definir hoje (12) o tamanho do colegiado e os primeiros prazos.<\/p>\n<p>Enquanto isto n\u00e3o ocorre, a Comiss\u00e3o de Fiscaliza\u00e7\u00e3o e Controle decidiu convidar tamb\u00e9m o ministro de Minas e Energia, Edison Lob\u00e3o, para falar sobre o mesmo assunto.<\/p>\n<p>Fonte: Ag\u00eancia Brasil<\/p>\n","protected":false},"excerpt":{"rendered":"<p>Den\u00fancias envolvem contratos firmados entre a estatal e a empresa SBM Offshore A presidente da Petrobras, Gra\u00e7a Foster, ser\u00e1 convidada, nos pr\u00f3ximos dias, para explicar&#8230;<\/p>\n","protected":false},"author":1182,"featured_media":4198,"comment_status":"closed","ping_status":"closed","sticky":false,"template":"","format":"standard","meta":{"footnotes":""},"categories":[6],"tags":[732,381,384,58],"class_list":["post-4196","post","type-post","status-publish","format-standard","has-post-thumbnail","hentry","category-noticias","tag-camara","tag-denuncia","tag-graca-foster","tag-petrobras"],"_links":{"self":[{"href":"https:\/\/www.sincomam.org.br\/index.php\/wp-json\/wp\/v2\/posts\/4196","targetHints":{"allow":["GET"]}}],"collection":[{"href":"https:\/\/www.sincomam.org.br\/index.php\/wp-json\/wp\/v2\/posts"}],"about":[{"href":"https:\/\/www.sincomam.org.br\/index.php\/wp-json\/wp\/v2\/types\/post"}],"author":[{"embeddable":true,"href":"https:\/\/www.sincomam.org.br\/index.php\/wp-json\/wp\/v2\/users\/1182"}],"replies":[{"embeddable":true,"href":"https:\/\/www.sincomam.org.br\/index.php\/wp-json\/wp\/v2\/comments?post=4196"}],"version-history":[{"count":1,"href":"https:\/\/www.sincomam.org.br\/index.php\/wp-json\/wp\/v2\/posts\/4196\/revisions"}],"predecessor-version":[{"id":4197,"href":"https:\/\/www.sincomam.org.br\/index.php\/wp-json\/wp\/v2\/posts\/4196\/revisions\/4197"}],"wp:featuredmedia":[{"embeddable":true,"href":"https:\/\/www.sincomam.org.br\/index.php\/wp-json\/wp\/v2\/media\/4198"}],"wp:attachment":[{"href":"https:\/\/www.sincomam.org.br\/index.php\/wp-json\/wp\/v2\/media?parent=4196"}],"wp:term":[{"taxonomy":"category","embeddable":true,"href":"https:\/\/www.sincomam.org.br\/index.php\/wp-json\/wp\/v2\/categories?post=4196"},{"taxonomy":"post_tag","embeddable":true,"href":"https:\/\/www.sincomam.org.br\/index.php\/wp-json\/wp\/v2\/tags?post=4196"}],"curies":[{"name":"wp","href":"https:\/\/api.w.org\/{rel}","templated":true}]}}