{"id":41948,"date":"2022-10-19T08:55:04","date_gmt":"2022-10-19T11:55:04","guid":{"rendered":"http:\/\/www.sincomam.org.br\/?p=41948"},"modified":"2022-10-19T08:55:38","modified_gmt":"2022-10-19T11:55:38","slug":"planos-de-saude-acaba-hoje-limite-de-sessoes-para-quatro-categorias-2","status":"publish","type":"post","link":"https:\/\/www.sincomam.org.br\/index.php\/planos-de-saude-acaba-hoje-limite-de-sessoes-para-quatro-categorias-2\/","title":{"rendered":"Planos de sa\u00fade: acaba hoje limite de sess\u00f5es para quatro categorias"},"content":{"rendered":"<div class=\"post-item-wrap\">\n<p>A nova resolu\u00e7\u00e3o normativa da Ag\u00eancia Nacional de Sa\u00fade Suplementar (ANS) que determinou o fim da limita\u00e7\u00e3o do n\u00famero de consultas e sess\u00f5es com psic\u00f3logos, fonoaudi\u00f3logos, terapeutas ocupacionais e fisioterapeutas come\u00e7a valer a partir de hoje (1\u00ba) para todos os planos de sa\u00fade regulamentados, contratados ap\u00f3s a Lei 9.656\/1998 ou adaptados \u00e0 lei,\u00a0que tiverem cobertura ambulatorial, ou seja, de consultas e exames.\u00a0<img decoding=\"async\" src=\"https:\/\/agenciabrasil.ebc.com.br\/ebc.png?id=1473915&amp;o=node\" \/><img decoding=\"async\" src=\"https:\/\/agenciabrasil.ebc.com.br\/ebc.gif?id=1473915&amp;o=node\" \/><\/p>\n<p>A decis\u00e3o foi tomada no dia 11 de julho em\u00a0reuni\u00e3o extraordin\u00e1ria\u00a0da diretoria colegiada da ag\u00eancia.<\/p>\n<p>\u201cCom essa medida, as operadoras dos planos de sa\u00fade passam a ter que cobrir todas as consultas ou sess\u00f5es com profissionais dessas quatro categorias que forem prescritas pelo m\u00e9dico assistente para pacientes com qualquer doen\u00e7a ou condi\u00e7\u00e3o de sa\u00fade listada pela Organiza\u00e7\u00e3o Mundial da Sa\u00fade (OMS), como, por exemplo, o transtorno do espectro autista, a paralisia cerebral, a s\u00edndrome de\u00a0<em>Down<\/em>, a esquizofrenia\u201d, disse o diretor-presidente da ANS, Paulo Rebello.<\/p>\n<p>Segundo Rebello, este ano, houve 22 inclus\u00f5es de procedimentos, entre exames, tratamentos, e medicamentos, no rol de procedimentos obrigat\u00f3rios da ANS.<\/p>\n<h2>Consumidor<\/h2>\n<p>Para a coordenadora do Programa de Sa\u00fade do Instituto Brasileiro de Defesa do Consumidor (Idec), Ana Carolina Navarrete, essa resolu\u00e7\u00e3o ocorre ap\u00f3s intensa cobran\u00e7a de diferentes institui\u00e7\u00f5es de pacientes e consumidores que j\u00e1 chamavam a aten\u00e7\u00e3o para a \u201cabusividade\u201d de limitar o n\u00famero de consultas com essas categorias.<\/p>\n<p>\u201cAntes, essa lista limitava o n\u00famero de consultas com esses profissionais a 12 no ano. Se precisasse mais, o consumidor pagava ou acionava a Justi\u00e7a, que, na maioria dos casos, determinava a cobertura pelo plano de sa\u00fade\u201d, disse Ana Carolina.<\/p>\n<p>A especialista lembra que se o plano negar a cobertura ou impuser algum limite a consultas e sess\u00f5es com as quatro categorias profissionais, o consumidor deve tentar resolver em primeiro lugar com a operadora. \u201cSe isso n\u00e3o resolver, a\u00ed deve fazer uma reclama\u00e7\u00e3o no Procon do seu estado ou munic\u00edpio ou ent\u00e3o diretamente na pr\u00f3pria ANS\u201d.<\/p>\n<\/div>\n<p class=\"alt-font font-italic my-2 small text-info\">Fonte: Ag\u00eancia Brasil<\/p>\n","protected":false},"excerpt":{"rendered":"<p>A nova resolu\u00e7\u00e3o normativa da Ag\u00eancia Nacional de Sa\u00fade Suplementar (ANS) que determinou o fim da limita\u00e7\u00e3o do n\u00famero de consultas e sess\u00f5es com psic\u00f3logos,&#8230;<\/p>\n","protected":false},"author":1527,"featured_media":41949,"comment_status":"closed","ping_status":"closed","sticky":false,"template":"","format":"standard","meta":{"footnotes":""},"categories":[6],"tags":[],"class_list":["post-41948","post","type-post","status-publish","format-standard","has-post-thumbnail","hentry","category-noticias"],"_links":{"self":[{"href":"https:\/\/www.sincomam.org.br\/index.php\/wp-json\/wp\/v2\/posts\/41948","targetHints":{"allow":["GET"]}}],"collection":[{"href":"https:\/\/www.sincomam.org.br\/index.php\/wp-json\/wp\/v2\/posts"}],"about":[{"href":"https:\/\/www.sincomam.org.br\/index.php\/wp-json\/wp\/v2\/types\/post"}],"author":[{"embeddable":true,"href":"https:\/\/www.sincomam.org.br\/index.php\/wp-json\/wp\/v2\/users\/1527"}],"replies":[{"embeddable":true,"href":"https:\/\/www.sincomam.org.br\/index.php\/wp-json\/wp\/v2\/comments?post=41948"}],"version-history":[{"count":1,"href":"https:\/\/www.sincomam.org.br\/index.php\/wp-json\/wp\/v2\/posts\/41948\/revisions"}],"predecessor-version":[{"id":41950,"href":"https:\/\/www.sincomam.org.br\/index.php\/wp-json\/wp\/v2\/posts\/41948\/revisions\/41950"}],"wp:featuredmedia":[{"embeddable":true,"href":"https:\/\/www.sincomam.org.br\/index.php\/wp-json\/wp\/v2\/media\/41949"}],"wp:attachment":[{"href":"https:\/\/www.sincomam.org.br\/index.php\/wp-json\/wp\/v2\/media?parent=41948"}],"wp:term":[{"taxonomy":"category","embeddable":true,"href":"https:\/\/www.sincomam.org.br\/index.php\/wp-json\/wp\/v2\/categories?post=41948"},{"taxonomy":"post_tag","embeddable":true,"href":"https:\/\/www.sincomam.org.br\/index.php\/wp-json\/wp\/v2\/tags?post=41948"}],"curies":[{"name":"wp","href":"https:\/\/api.w.org\/{rel}","templated":true}]}}