{"id":41944,"date":"2022-10-19T08:51:31","date_gmt":"2022-10-19T11:51:31","guid":{"rendered":"http:\/\/www.sincomam.org.br\/?p=41944"},"modified":"2022-10-19T08:51:31","modified_gmt":"2022-10-19T11:51:31","slug":"terminais-portuarios-vao-ao-cade-contra-maersk-e-msc","status":"publish","type":"post","link":"https:\/\/www.sincomam.org.br\/index.php\/terminais-portuarios-vao-ao-cade-contra-maersk-e-msc\/","title":{"rendered":"Terminais portu\u00e1rios v\u00e3o ao Cade contra Maersk e MSC"},"content":{"rendered":"<p>A ABTP (Associa\u00e7\u00e3o Brasileira dos Terminais Portu\u00e1rios) protocolou na \u00faltima sexta-feira (14) uma representa\u00e7\u00e3o no Cade contra os grupos globais de navega\u00e7\u00e3o Maersk e MSC. A entidade, que representa 72 empresas do setor, acusa as multinacionais de pr\u00e1ticas anticompetitivas &#8211; o que as companhias negam.<\/p>\n<p>A associa\u00e7\u00e3o j\u00e1 tinha movido outras a\u00e7\u00f5es questionando a atua\u00e7\u00e3o dos grupos no Porto de Santos. Agora, a acusa\u00e7\u00e3o se estende a toda a costa brasileira.<\/p>\n<p>A Maersk e a MSC s\u00e3o as maiores empresas de transporte mar\u00edtimo de cont\u00eaineres no mundo e respondem por boa parte dos navios que fazem importa\u00e7\u00f5es e exporta\u00e7\u00f5es. No Brasil, elas representam diretamente 53% da movimenta\u00e7\u00e3o dos portos.<\/p>\n<p>Al\u00e9m disso, os grupos operam terminais portu\u00e1rios, por meio de subsidi\u00e1rias &#8211; a APM Terminals (da Maersk) e a TIL (da MSC). Juntas, as empresas somaram 44,9% dos cont\u00eaineres movimentados no pa\u00eds em 2021, segundo dados compilados pela entidade.<\/p>\n<p>A acusa\u00e7\u00e3o da ABTP \u00e9 que as companhias estariam privilegiando, de forma abusiva, seus terminais pr\u00f3prios, em detrimento dos independentes.<\/p>\n<p>Entre as acusa\u00e7\u00f5es feitas pela entidade, relatadas ao Cade, est\u00e3o: a diferencia\u00e7\u00e3o de pre\u00e7os de frete para o uso dos terminais pr\u00f3prios; o cancelamento ou a redu\u00e7\u00e3o no n\u00famero de escalas em terminais de terceiros; o condicionamento de espa\u00e7o nos navios \u00e0 contrata\u00e7\u00e3o de outros servi\u00e7os log\u00edsticos do grupo, entre outros.<\/p>\n<p>Procurada, a Maersk disse, em nota, que n\u00e3o tinha coment\u00e1rios, dado que a empresa ainda n\u00e3o havia sido notificada. A MSC tamb\u00e9m n\u00e3o se pronunciou. Nos \u00faltimos meses, os grupos t\u00eam negado as acusa\u00e7\u00f5es de atua\u00e7\u00e3o abusiva.<\/p>\n<p>A ABTP pede que o Cade investigue a atua\u00e7\u00e3o dos grupos e solicita uma medida preventiva, para que o \u00f3rg\u00e3o antitruste passe a analisar, obrigatoriamente, todos os neg\u00f3cios jur\u00eddicos das empresas, como aquisi\u00e7\u00f5es e explora\u00e7\u00e3o de novas \u00e1reas portu\u00e1rias.<\/p>\n<p>\u201c\u00c9 uma a\u00e7\u00e3o emergencial. Os terminais \u2018bandeira branca\u2019 ir\u00e3o \u00e0 bancarrota. Assim como j\u00e1 estamos na m\u00e3o dos grupos na \u00e1gua [navega\u00e7\u00e3o], caminhamos para o monop\u00f3lio em terra\u201d, diz Jesualdo Silva, presidente da ABTP.<\/p>\n<p>O conflito entre as empresas de navega\u00e7\u00e3o e os operadores portu\u00e1rios foi deflagrado neste ano, quando o governo lan\u00e7ou o leil\u00e3o de um grande terminal de cont\u00eaineres no Porto de Santos. A MSC e a Maersk, que j\u00e1 operam juntas um terminal no local (o BTP) foram proibidas de concorrer em cons\u00f3rcio, mas tiveram aval para disputar separadas. A permiss\u00e3o, por\u00e9m, gerou questionamentos dos operadores, que passaram a criticar a atua\u00e7\u00e3o dos grupos.<\/p>\n<p>Ap\u00f3s an\u00e1lise da Antaq e do Cade, o modelo de concorr\u00eancia no leil\u00e3o foi mantido, por\u00e9m, com a inclus\u00e3o de mecanismos para coibir eventuais pr\u00e1ticas anticoncorrenciais &#8211; formato considerado satisfat\u00f3rio pela ABTP.<\/p>\n<p>Ao fim, o governo desistiu de fazer o leil\u00e3o do terminal santista neste ano. Por\u00e9m, o epis\u00f3dio deixou como heran\u00e7a o conflito aberto entre as empresas. \u201cO caso de Santos veio \u00e0 tona antes, mas todos os terminais independentes de cont\u00eaineres est\u00e3o passando por esses problemas\u201d, afirma Silva.<\/p>\n<p>Questionado, o diretor-geral da Antaq, Eduardo Nery, afirmou que a ag\u00eancia analisou apenas o caso do leil\u00e3o em Santos, mas que hoje n\u00e3o h\u00e1 nenhum outro caso em curso no \u00f3rg\u00e3o. \u201cN\u00e3o recebemos nenhuma den\u00fancia com elementos concretos\u201d, disse.<\/p>\n<p>Fonte: Valor<\/p>\n","protected":false},"excerpt":{"rendered":"<p>A ABTP (Associa\u00e7\u00e3o Brasileira dos Terminais Portu\u00e1rios) protocolou na \u00faltima sexta-feira (14) uma representa\u00e7\u00e3o no Cade contra os grupos globais de navega\u00e7\u00e3o Maersk e MSC&#8230;.<\/p>\n","protected":false},"author":1527,"featured_media":41945,"comment_status":"closed","ping_status":"closed","sticky":false,"template":"","format":"standard","meta":{"footnotes":""},"categories":[6],"tags":[],"class_list":["post-41944","post","type-post","status-publish","format-standard","has-post-thumbnail","hentry","category-noticias"],"_links":{"self":[{"href":"https:\/\/www.sincomam.org.br\/index.php\/wp-json\/wp\/v2\/posts\/41944","targetHints":{"allow":["GET"]}}],"collection":[{"href":"https:\/\/www.sincomam.org.br\/index.php\/wp-json\/wp\/v2\/posts"}],"about":[{"href":"https:\/\/www.sincomam.org.br\/index.php\/wp-json\/wp\/v2\/types\/post"}],"author":[{"embeddable":true,"href":"https:\/\/www.sincomam.org.br\/index.php\/wp-json\/wp\/v2\/users\/1527"}],"replies":[{"embeddable":true,"href":"https:\/\/www.sincomam.org.br\/index.php\/wp-json\/wp\/v2\/comments?post=41944"}],"version-history":[{"count":1,"href":"https:\/\/www.sincomam.org.br\/index.php\/wp-json\/wp\/v2\/posts\/41944\/revisions"}],"predecessor-version":[{"id":41946,"href":"https:\/\/www.sincomam.org.br\/index.php\/wp-json\/wp\/v2\/posts\/41944\/revisions\/41946"}],"wp:featuredmedia":[{"embeddable":true,"href":"https:\/\/www.sincomam.org.br\/index.php\/wp-json\/wp\/v2\/media\/41945"}],"wp:attachment":[{"href":"https:\/\/www.sincomam.org.br\/index.php\/wp-json\/wp\/v2\/media?parent=41944"}],"wp:term":[{"taxonomy":"category","embeddable":true,"href":"https:\/\/www.sincomam.org.br\/index.php\/wp-json\/wp\/v2\/categories?post=41944"},{"taxonomy":"post_tag","embeddable":true,"href":"https:\/\/www.sincomam.org.br\/index.php\/wp-json\/wp\/v2\/tags?post=41944"}],"curies":[{"name":"wp","href":"https:\/\/api.w.org\/{rel}","templated":true}]}}