{"id":41937,"date":"2022-10-18T11:58:02","date_gmt":"2022-10-18T14:58:02","guid":{"rendered":"http:\/\/www.sincomam.org.br\/?p=41937"},"modified":"2022-10-18T11:58:02","modified_gmt":"2022-10-18T14:58:02","slug":"interpol-e-policia-federal-se-unem-para-operacoes-integradas-de-seguranca-nos-portos-brasileiros","status":"publish","type":"post","link":"https:\/\/www.sincomam.org.br\/index.php\/interpol-e-policia-federal-se-unem-para-operacoes-integradas-de-seguranca-nos-portos-brasileiros\/","title":{"rendered":"Interpol e Pol\u00edcia Federal se unem para opera\u00e7\u00f5es integradas de seguran\u00e7a nos portos brasileiros"},"content":{"rendered":"<p>O setor portu\u00e1rio nacional ainda \u00e9 a base de diversas opera\u00e7\u00f5es de crime organizado e tr\u00e1fico de materiais ao redor do mundo. Dessa forma, os chefes da Interpol no Brasil, Rodrigo Carnevale, e do Servi\u00e7o de Seguran\u00e7a Portu\u00e1ria da Pol\u00edcia Federal, Marcelo Jo\u00e3o da Silva, anunciaram na ter\u00e7a-feira, (11\/10), uma parceria entre as organiza\u00e7\u00f5es. A iniciativa de uni\u00e3o pretende trazer\u00a0opera\u00e7\u00f5es\u00a0de seguran\u00e7a integrada nos portos brasileiros para combater esse tipo de a\u00e7\u00e3o no pa\u00eds.<\/p>\n<div id=\"quads-ad1\" class=\"quads-location quads-ad1\">\n<p>A busca por seguran\u00e7a e o combate ao crime s\u00e3o iniciativas que nunca saem de pauta no mercado portu\u00e1rio nacional, em raz\u00e3o dos altos \u00edndices de criminalidade nos portos brasileiros.<\/p>\n<div id=\"_ppads_video\">\n<p>Dessa forma, a Interpol e a Pol\u00edcia Federal se uniram para desenvolverem iniciativas integradas para garantir a diminui\u00e7\u00e3o dessas opera\u00e7\u00f5es no mercado portu\u00e1rio nacional.<\/p>\n<p>Os chefes da Interpol no Brasil, Rodrigo Carnevale, e do Servi\u00e7o de Seguran\u00e7a Portu\u00e1ria da PF, Marcelo Jo\u00e3o da Silva, participaram da live da Associa\u00e7\u00e3o de Terminais Portu\u00e1rios Privados (ATP) sobre coopera\u00e7\u00e3o interag\u00eancias na prote\u00e7\u00e3o portu\u00e1ria.<\/p>\n<p>Eles comentaram que as organiza\u00e7\u00f5es est\u00e3o se unindo para desenvolverem opera\u00e7\u00f5es integradas de combate ao crime nos portos brasileiros nos pr\u00f3ximos meses.<\/p>\n<p>Isso, pois eles acreditam que a uni\u00e3o entre os setores privado e p\u00fablico \u00e9 indispens\u00e1vel na luta contra a criminalidade no setor, uma vez que ele \u00e9 essencial para o desenvolvimento econ\u00f4mico nacional.<\/p>\n<p>Tamb\u00e9m estiveram presentes na live Alice Casanova, mestre em estudos mar\u00edtimos pela Escola de Guerra Naval; o diretor-presidente da ATP, Murillo Barbosa; e o coordenador do comit\u00ea de Seguran\u00e7a da entidade, Roberto Almeida, que \u00e9 representante da Vale.<\/p>\n<p>Murillo Barbosa afirmou que a a\u00e7\u00e3o da Interpol e da Pol\u00edcia Federal refor\u00e7a o compromisso do Brasil no combate \u00e0s opera\u00e7\u00f5es de crime organizado e na garantia de seguran\u00e7a nos portos nacionais.<\/p>\n<p>J\u00e1 Alice Casanova relembrou que o tr\u00e1fico internacional tem utilizado o setor portu\u00e1rio brasileiro como um verdadeiro port\u00e3o de sa\u00edda e entrada de drogas e outros produtos il\u00edcitos, retirando dos complexos o seu prop\u00f3sito no mercado nacional.<\/p>\n<p data-fetch=\"true\">O chefe da Interpol no Brasil, Rodrigo Carnevale, comentou sobre as principais iniciativas que devem ser tomadas nas opera\u00e7\u00f5es junto \u00e0 Pol\u00edcia Federal para trazer mais seguran\u00e7a aos portos brasileiros.<\/p>\n<div id=\"P_CLICK_PETROLEO_E_GAS_INTEXT_03_0\" data-premium=\"\" data-adunit=\"CLICK_PETROLEO_E_GAS_INTEXT_03\" data-sizes-mobile=\"[[336,280],[300,250]]\" data-sizes-desktop=\"[[728,90],[336,280],[300,250]]\" data-type=\"intext\" data-fetch=\"true\" data-google-query-id=\"CKPQ7OyE6voCFYQZuQYdPhQAog\">\n<p>Ele afirmou que, para aumentar a seguran\u00e7a, \u00e9 necess\u00e1ria a \u201ccria\u00e7\u00e3o de canais seguros de comunica\u00e7\u00e3o, rede de confian\u00e7a e ferramenta de tr\u00e1fego de informa\u00e7\u00f5es, entre todos os cooperados, para fortalecer a comunica\u00e7\u00e3o\u201d.<\/p>\n<p>J\u00e1 o chefe do Servi\u00e7o de Seguran\u00e7a Portu\u00e1ria da Pol\u00edcia Federal relembrou que o tr\u00e1fico de drogas \u00e9 o crime mais comum e o principal a ser combatido.<\/p>\n<div id=\"quads-ad4\" class=\"quads-location quads-ad4\">\n<p>\u201cPara que a droga chegue ao porto, em v\u00e1rios momentos o aparato da seguran\u00e7a falhou antes. O porto \u00e9 a \u00faltima linha de defesa em rela\u00e7\u00e3o \u00e0 quest\u00e3o criminal. Os n\u00fameros provam que cada vez \u00e9 crescente a apreens\u00e3o de drogas\u201d, afirmou.<\/p>\n<p>Dessa forma, o desenvolvimento de canais transparentes de comunica\u00e7\u00e3o e fiscaliza\u00e7\u00e3o adequada das opera\u00e7\u00f5es portu\u00e1rias poder\u00e1 trazer mais seguran\u00e7a e qualidade operacional aos portos brasileiros.<\/p>\n<p>A Interpol e a Pol\u00edcia Federal esperam ent\u00e3o desenvolver boas iniciativas no combate ao crime durante os pr\u00f3ximos meses.<\/p>\n<p>Fonte: Click Petr\u00f3leo e G\u00e1s<\/p>\n<\/div>\n<\/div>\n<\/div>\n<\/div>\n","protected":false},"excerpt":{"rendered":"<p>O setor portu\u00e1rio nacional ainda \u00e9 a base de diversas opera\u00e7\u00f5es de crime organizado e tr\u00e1fico de materiais ao redor do mundo. Dessa forma, os&#8230;<\/p>\n","protected":false},"author":1527,"featured_media":41938,"comment_status":"closed","ping_status":"closed","sticky":false,"template":"","format":"standard","meta":{"footnotes":""},"categories":[6],"tags":[],"class_list":["post-41937","post","type-post","status-publish","format-standard","has-post-thumbnail","hentry","category-noticias"],"_links":{"self":[{"href":"https:\/\/www.sincomam.org.br\/index.php\/wp-json\/wp\/v2\/posts\/41937","targetHints":{"allow":["GET"]}}],"collection":[{"href":"https:\/\/www.sincomam.org.br\/index.php\/wp-json\/wp\/v2\/posts"}],"about":[{"href":"https:\/\/www.sincomam.org.br\/index.php\/wp-json\/wp\/v2\/types\/post"}],"author":[{"embeddable":true,"href":"https:\/\/www.sincomam.org.br\/index.php\/wp-json\/wp\/v2\/users\/1527"}],"replies":[{"embeddable":true,"href":"https:\/\/www.sincomam.org.br\/index.php\/wp-json\/wp\/v2\/comments?post=41937"}],"version-history":[{"count":1,"href":"https:\/\/www.sincomam.org.br\/index.php\/wp-json\/wp\/v2\/posts\/41937\/revisions"}],"predecessor-version":[{"id":41939,"href":"https:\/\/www.sincomam.org.br\/index.php\/wp-json\/wp\/v2\/posts\/41937\/revisions\/41939"}],"wp:featuredmedia":[{"embeddable":true,"href":"https:\/\/www.sincomam.org.br\/index.php\/wp-json\/wp\/v2\/media\/41938"}],"wp:attachment":[{"href":"https:\/\/www.sincomam.org.br\/index.php\/wp-json\/wp\/v2\/media?parent=41937"}],"wp:term":[{"taxonomy":"category","embeddable":true,"href":"https:\/\/www.sincomam.org.br\/index.php\/wp-json\/wp\/v2\/categories?post=41937"},{"taxonomy":"post_tag","embeddable":true,"href":"https:\/\/www.sincomam.org.br\/index.php\/wp-json\/wp\/v2\/tags?post=41937"}],"curies":[{"name":"wp","href":"https:\/\/api.w.org\/{rel}","templated":true}]}}