{"id":41871,"date":"2022-10-14T00:12:55","date_gmt":"2022-10-14T03:12:55","guid":{"rendered":"http:\/\/www.sincomam.org.br\/?p=41871"},"modified":"2022-10-14T00:18:32","modified_gmt":"2022-10-14T03:18:32","slug":"liberada-vacina-contra-covid-19-em-criancas-a-partir-de-6-meses","status":"publish","type":"post","link":"https:\/\/www.sincomam.org.br\/index.php\/liberada-vacina-contra-covid-19-em-criancas-a-partir-de-6-meses\/","title":{"rendered":"Sem dizer quando recebe a vacina contra Covid, governo libera Pfizer s\u00f3 para crian\u00e7as a partir de 6 meses com comorbidades"},"content":{"rendered":"<p>Quase um m\u00eas depois de a\u00a0Ag\u00eancia Nacional de Vigil\u00e2ncia Sanit\u00e1ria (Anvisa) aprovar a aplica\u00e7\u00e3o de vacinas contra a Covid-19 da Pfizer em crian\u00e7as entre 6 meses e 4 anos de idade, o Brasil segue sem previs\u00e3o de quando a imuniza\u00e7\u00e3o vai come\u00e7ar.<\/p>\n<p>Nesta quinta-feira (13), conforme nota, a pasta informou que vai liberar o uso apenas para crian\u00e7as com comorbidades, apesar de a\u00a0Anvisa\u00a0e a fabricante n\u00e3o terem feito restri\u00e7\u00f5es ao uso do imunizante. O governo Bolsonaro tamb\u00e9m n\u00e3o deu detalhes sobre quando receber\u00e1 e\u00a0qual o total de vacinas espec\u00edficas\u00a0para esse p\u00fablico ter\u00e1 da Pfizer.<\/p>\n<div class=\"mc-column content-text active-extra-styles \" data-block-type=\"unstyled\" data-block-weight=\"45\" data-block-id=\"7\">\n<p class=\"content-text__container \" data-track-category=\"Link no Texto\" data-track-links=\"\">Na pr\u00e1tica, o tema est\u00e1 atualmente travado dentro da burocracia interna do Minist\u00e9rio da Sa\u00fade. Na semana passada, membros da C\u00e2mara T\u00e9cnica de Assessoramento em Imuniza\u00e7\u00e3o (CTAI), que assessora o Minist\u00e9rio da Sa\u00fade em temas de vacina\u00e7\u00e3o, recomendaram a aplica\u00e7\u00e3o da vacina da Pfizer em crian\u00e7as a partir dos 6 meses. Em outros momentos, a pasta aguardou apenas o parecer desse grupo para anunciar o in\u00edcio da imuniza\u00e7\u00e3o, sem enviar o assunto para a Conitec.<\/p>\n<div class=\"mc-column content-text active-extra-styles \" data-block-type=\"unstyled\" data-block-weight=\"36\" data-block-id=\"11\">\n<p class=\"content-text__container \" data-track-category=\"Link no Texto\" data-track-links=\"\">A Anvisa liberou o uso no dia 16 do m\u00eas passado. Desde ent\u00e3o, o Minist\u00e9rio da Sa\u00fade n\u00e3o informou se vai incluir a vacina\u00e7\u00e3o na atual campanha de imuniza\u00e7\u00e3o contra a Covid-19 para o p\u00fablico.<\/p>\n<\/div>\n<div class=\"mc-column content-text active-extra-styles \" data-block-type=\"unstyled\" data-block-weight=\"36\" data-block-id=\"12\">\n<p class=\"content-text__container \" data-track-category=\"Link no Texto\" data-track-links=\"\">Fontes ligadas ao minist\u00e9rio confirmaram ao g1 que a \u00e1rea jur\u00eddica da pasta vinha analisando o contrato com a Pfizer e afirmaram que a chegada das vacinas ainda vai levar \u201calgumas semanas\u201d, sem especificar quantas.<\/p>\n<\/div>\n<div class=\"mc-column content-text active-extra-styles \" data-block-type=\"unstyled\" data-block-weight=\"55\" data-block-id=\"13\">\n<p class=\"content-text__container \" data-track-category=\"Link no Texto\" data-track-links=\"\">At\u00e9 dezembro, a farmac\u00eautica precisa entregar um \u201csaldo\u201d de cerca de 35 milh\u00f5es de doses da \u00faltima negocia\u00e7\u00e3o com o governo federal. Parte dessas doses \u2013 ou a totalidade \u2013 poderia ser destinada para o novo p\u00fablico infantil, j\u00e1 que o contrato prev\u00ea o fornecimento de vacinas adaptadas ou para diferentes faixas et\u00e1rias.<\/p>\n<\/div>\n<div class=\"mc-column content-text active-extra-styles \" data-block-type=\"unstyled\" data-block-weight=\"28\" data-block-id=\"14\">\n<p class=\"content-text__container \" data-track-category=\"Link no Texto\" data-track-links=\"\">A Pfizer afirmou, em nota, que as entregas \u201cdepender\u00e3o das defini\u00e7\u00f5es junto ao Minist\u00e9rio da Sa\u00fade\u201d, mas n\u00e3o detalha as negocia\u00e7\u00f5es por causa de \u201ccompromissos de confidencialidade\u201d.<\/p>\n<\/div>\n<div class=\"mc-column content-text active-extra-styles \" data-block-type=\"unstyled\" data-block-weight=\"48\" data-block-id=\"15\">\n<p class=\"content-text__container \" data-track-category=\"Link no Texto\" data-track-links=\"\">S\u00e3o necess\u00e1rias aproximadamente 39 milh\u00f5es de doses para contemplar a faixa et\u00e1ria de 6 meses a 4 anos. Tirando crian\u00e7as de 3 e 4 anos, que tamb\u00e9m podem ser vacinadas com a Coronavac, o n\u00famero de doses necess\u00e1rias \u00e9 menor: cerca de 21 milh\u00f5es, em um c\u00e1lculo aproximado.<\/p>\n<div class=\"mc-column content-text active-extra-styles\" data-block-type=\"raw\" data-block-weight=\"5\" data-block-id=\"18\">\n<div class=\"content-intertitle\">\n<h2>Hist\u00f3rico de cr\u00edticas e adiamento<\/h2>\n<\/div>\n<\/div>\n<div class=\"mc-column content-text active-extra-styles \" data-block-type=\"unstyled\" data-block-weight=\"76\" data-block-id=\"19\">\n<p class=\"content-text__container \" data-track-category=\"Link no Texto\" data-track-links=\"\">No passado, demorou um m\u00eas para que a vacina da Pfizer para outro p\u00fablico infantil &#8211; de 5 a 11 anos &#8211; chegasse nos estados. A aprova\u00e7\u00e3o da Anvisa aconteceu em 15 de dezembro de 2021 e as primeiras doses foram enviadas pelo Minist\u00e9rio da Sa\u00fade apenas no dia 14 de janeiro de 2022. Na \u00e9poca, o imunizante tamb\u00e9m n\u00e3o estava dispon\u00edvel no pa\u00eds por ter uma composi\u00e7\u00e3o e uma est\u00e9tica diferentes das outras (frasco laranja).<\/p>\n<\/div>\n<div class=\"mc-column content-text active-extra-styles \" data-block-type=\"unstyled\" data-block-weight=\"56\" data-block-id=\"20\">\n<p class=\"content-text__container \" data-track-category=\"Link no Texto\" data-track-links=\"\">Durante o processo, o ministro da Sa\u00fade, Marcelo Queiroga, tomou uma atitude in\u00e9dita na campanha de vacina\u00e7\u00e3o contra a Covid-19 ao convocar uma audi\u00eancia e uma consulta p\u00fablica para discutir a imuniza\u00e7\u00e3o infantil. Especialistas criticaram a realiza\u00e7\u00e3o dos eventos e apontaram que o governo do presidente Jair Bolsonaro (PL) estava tentando postergar a vacina\u00e7\u00e3o dos pequenos.<\/p>\n<div class=\"mc-column content-text active-extra-styles \" data-block-type=\"unstyled\" data-block-weight=\"24\" data-block-id=\"22\">\n<p class=\"content-text__container \" data-track-category=\"Link no Texto\" data-track-links=\"\">Queiroga chegou cogitar a exig\u00eancia de uma receita m\u00e9dica para imuniza\u00e7\u00e3o da faixa et\u00e1ria de 5 a 11 anos, mas a proposta foi descartada.<\/p>\n<\/div>\n<div class=\"mc-column content-text active-extra-styles\" data-block-type=\"raw\" data-block-weight=\"5\" data-block-id=\"23\">\n<p class=\"content-text__container\">\n<div class=\"content-intertitle\">\n<h2><strong>Nota do Minist\u00e9rio da Sa\u00fade<\/strong><\/h2>\n<\/div>\n<\/div>\n<div class=\"mc-column content-text active-extra-styles \" data-block-type=\"unstyled\" data-block-weight=\"11\" data-block-id=\"24\">\n<p class=\"content-text__container \" data-track-category=\"Link no Texto\" data-track-links=\"\">Veja abaixo a \u00edntegra da nota do governo sobre o tema:<\/p>\n<\/div>\n<div class=\"mc-column content-text active-extra-styles \" data-block-type=\"unstyled\" data-block-weight=\"70\" data-block-id=\"25\">\n<p class=\"content-text__container \" data-track-category=\"Link no Texto\" data-track-links=\"\"><em>&#8220;O Minist\u00e9rio da Sa\u00fade, em virtude de parecer proferido pela Consultoria Jur\u00eddica (Conjur) da pasta, ir\u00e1 solicitar \u00e0 Comiss\u00e3o Nacional de Incorpora\u00e7\u00e3o de Tecnologias no SUS (Conitec) a avalia\u00e7\u00e3o de poss\u00edvel amplia\u00e7\u00e3o do uso da vacina Comirnaty pedi\u00e1trica em crian\u00e7as de 6 meses a menores de 4 de idade, recentemente aprovada pela Anvisa. A decis\u00e3o est\u00e1 de acordo com o fim da Emerg\u00eancia de Sa\u00fade P\u00fablica de Import\u00e2ncia Nacional (Espin).<\/em><\/p>\n<\/div>\n<div class=\"mc-column content-text active-extra-styles \" data-block-type=\"unstyled\" data-block-weight=\"57\" data-block-id=\"26\">\n<p class=\"content-text__container \" data-track-category=\"Link no Texto\" data-track-links=\"\"><em>Entretanto, em face do cen\u00e1rio epidemiol\u00f3gico da Covid-19 no pa\u00eds e por recomenda\u00e7\u00e3o da C\u00e2mara T\u00e9cnica de Assessoramento em Imuniza\u00e7\u00e3o (CTAI), ficou definido, de forma cautelar, autorizar o uso da vacina para as crian\u00e7as de 6 meses a menores de 4 anos que apresentem algum tipo de comorbidade, enquanto se cumpre o rito de an\u00e1lise da Conitec.<\/em><\/p>\n<\/div>\n<div class=\"mc-column content-text active-extra-styles \" data-block-type=\"unstyled\" data-block-weight=\"13\" data-block-id=\"27\">\n<p class=\"content-text__container \" data-track-category=\"Link no Texto\" data-track-links=\"\"><em>Todas as orienta\u00e7\u00f5es para a vacina\u00e7\u00e3o deste p\u00fablico ser\u00e3o publicadas em nota t\u00e9cnica.&#8221;<\/em><\/p>\n<p data-track-category=\"Link no Texto\" data-track-links=\"\">Fonte: G1<\/p>\n<p data-track-category=\"Link no Texto\" data-track-links=\"\">\n<\/div>\n<\/div>\n<\/div>\n<\/div>\n","protected":false},"excerpt":{"rendered":"<p>Quase um m\u00eas depois de a\u00a0Ag\u00eancia Nacional de Vigil\u00e2ncia Sanit\u00e1ria (Anvisa) aprovar a aplica\u00e7\u00e3o de vacinas contra a Covid-19 da Pfizer em crian\u00e7as entre 6&#8230;<\/p>\n","protected":false},"author":1527,"featured_media":41872,"comment_status":"closed","ping_status":"closed","sticky":false,"template":"","format":"standard","meta":{"footnotes":""},"categories":[6],"tags":[],"class_list":["post-41871","post","type-post","status-publish","format-standard","has-post-thumbnail","hentry","category-noticias"],"_links":{"self":[{"href":"https:\/\/www.sincomam.org.br\/index.php\/wp-json\/wp\/v2\/posts\/41871","targetHints":{"allow":["GET"]}}],"collection":[{"href":"https:\/\/www.sincomam.org.br\/index.php\/wp-json\/wp\/v2\/posts"}],"about":[{"href":"https:\/\/www.sincomam.org.br\/index.php\/wp-json\/wp\/v2\/types\/post"}],"author":[{"embeddable":true,"href":"https:\/\/www.sincomam.org.br\/index.php\/wp-json\/wp\/v2\/users\/1527"}],"replies":[{"embeddable":true,"href":"https:\/\/www.sincomam.org.br\/index.php\/wp-json\/wp\/v2\/comments?post=41871"}],"version-history":[{"count":4,"href":"https:\/\/www.sincomam.org.br\/index.php\/wp-json\/wp\/v2\/posts\/41871\/revisions"}],"predecessor-version":[{"id":41876,"href":"https:\/\/www.sincomam.org.br\/index.php\/wp-json\/wp\/v2\/posts\/41871\/revisions\/41876"}],"wp:featuredmedia":[{"embeddable":true,"href":"https:\/\/www.sincomam.org.br\/index.php\/wp-json\/wp\/v2\/media\/41872"}],"wp:attachment":[{"href":"https:\/\/www.sincomam.org.br\/index.php\/wp-json\/wp\/v2\/media?parent=41871"}],"wp:term":[{"taxonomy":"category","embeddable":true,"href":"https:\/\/www.sincomam.org.br\/index.php\/wp-json\/wp\/v2\/categories?post=41871"},{"taxonomy":"post_tag","embeddable":true,"href":"https:\/\/www.sincomam.org.br\/index.php\/wp-json\/wp\/v2\/tags?post=41871"}],"curies":[{"name":"wp","href":"https:\/\/api.w.org\/{rel}","templated":true}]}}