{"id":41861,"date":"2022-10-13T12:54:39","date_gmt":"2022-10-13T15:54:39","guid":{"rendered":"http:\/\/www.sincomam.org.br\/?p=41861"},"modified":"2022-10-13T12:54:39","modified_gmt":"2022-10-13T15:54:39","slug":"aumento-do-consumo-de-energia-solar-traz-projecoes-otimistas-ao-setor","status":"publish","type":"post","link":"https:\/\/www.sincomam.org.br\/index.php\/aumento-do-consumo-de-energia-solar-traz-projecoes-otimistas-ao-setor\/","title":{"rendered":"AUMENTO DO CONSUMO DE ENERGIA SOLAR TRAZ PROJE\u00c7\u00d5ES OTIMISTAS AO SETOR"},"content":{"rendered":"<p>O setor de energia solar tem comemorado o aumento da ades\u00e3o aos sistemas de produ\u00e7\u00e3o de energia fotovoltaica no Brasil. O pa\u00eds ultrapassou a marca de 19 gigawatts (GW) de pot\u00eancia instalada da fonte solar fotovoltaica. Desse total, 13 GW s\u00e3o de pot\u00eancia instalada em telhados, fachadas e pequenos terrenos e o restante corresponde \u00e0s usinas de grande porte. \u00c9 um n\u00famero considerado hist\u00f3rico pelo setor. A t\u00edtulo de compara\u00e7\u00e3o, a Usina Hidrel\u00e9trica de Itaipu gera 14 GW de pot\u00eancia instalada.<img decoding=\"async\" src=\"https:\/\/agenciabrasil.ebc.com.br\/ebc.png?id=1487086&amp;o=node\" \/><img decoding=\"async\" src=\"https:\/\/agenciabrasil.ebc.com.br\/ebc.gif?id=1487086&amp;o=node\" \/><\/p>\n<p>O n\u00famero consolida a fonte solar como a terceira maior geradora de energia no pa\u00eds, atr\u00e1s apenas das fontes hidrel\u00e9tricas e e\u00f3lica. A capta\u00e7\u00e3o de luz solar por placas fotovoltaicas e a transforma\u00e7\u00e3o dessa luz em energia representa, hoje, 9,6% da matriz el\u00e9trica do pa\u00eds. De janeiro a setembro, houve aumento de 46,1%, com crescimento m\u00e9dio de 1 GW por m\u00eas nos \u00faltimos 120 dias.<\/p>\n<p>Os dados s\u00e3o da\u00a0 Associa\u00e7\u00e3o Brasileira de Energia Solar Fotovoltaica (Absolar). Com base neles, a Confedera\u00e7\u00e3o Nacional da Ind\u00fastria (CNI) estima que a capacidade instalada poder\u00e1 dobrar at\u00e9 o in\u00edcio de 2023. O incentivo, em forma de desconto na tarifa, para consumidores instalarem o sistema em suas casas \u00e9 uma das raz\u00f5es para a proje\u00e7\u00e3o.<\/p>\n<p>De acordo com a\u00a0<a href=\"http:\/\/www.planalto.gov.br\/ccivil_03\/_ato2019-2022\/2022\/lei\/L14300.htm\" target=\"_blank\" rel=\"noopener\">Lei 14.300\/2022<\/a>, que institui o marco legal da microgera\u00e7\u00e3o e minigera\u00e7\u00e3o distribu\u00edda, os consumidores que instalarem sistema solar em suas resid\u00eancias e empresas at\u00e9 2023 pagar\u00e3o mais barato pela tarifa at\u00e9 2045. A tarifa ser\u00e1 calculada apenas sobre a diferen\u00e7a positiva entre o montante consumido e a soma da energia el\u00e9trica injetada no referido m\u00eas.<\/p>\n<p>A energia gerada por luz solar \u00e9 uma energia limpa, que n\u00e3o produz res\u00edduo ou polui\u00e7\u00e3o. Segundo a Absolar, esse tipo de energia evitou a emiss\u00e3o de 27,8 milh\u00f5es de toneladas de CO2 na gera\u00e7\u00e3o de eletricidade. O custo de instala\u00e7\u00e3o, no entanto, n\u00e3o \u00e9 baixo. Para resid\u00eancias, o pre\u00e7o m\u00e9dio de instala\u00e7\u00e3o \u00e9 de R$ 25 mil; para ind\u00fastrias, R$ 200 mil.<\/p>\n<p>O pre\u00e7o vem caindo. De acordo com a Solstar, empresa do setor, os custos ca\u00edram cerca de 44% nos \u00faltimos seis anos. Existe ainda um incentivo fiscal, a isen\u00e7\u00e3o de Imposto sobre Circula\u00e7\u00e3o de Mercadorias e Servi\u00e7os (ICMS) na venda do\u00a0<em>kit\u00a0<\/em>completo (inversor + m\u00f3dulos). A Solstar destaca ainda a abertura de linhas de cr\u00e9dito para compra de sistemas fotovoltaicos.<\/p>\n<h4>SUSTENTABILIDADE<\/h4>\n<p>Para a CNI, as empresas brasileiras t\u00eam buscado adotar a agenda sustent\u00e1vel, indo ao encontro do compromisso firmado pelo Brasil para redu\u00e7\u00e3o de emiss\u00f5es de gases de efeito estufa (GEE) estabelecidas no Acordo de Paris. O compromisso do pa\u00eds \u00e9 reduzir 37% at\u00e9 2025 e 50% at\u00e9 2030.<\/p>\n<p>\u201cMuitas empresas t\u00eam investido em projetos de efici\u00eancia energ\u00e9tica. Isso significa usar menos energia para obter o mesmo resultado, e esse resultado pode ser alcan\u00e7ado por meio de melhorias tecnol\u00f3gicas ou de mudan\u00e7as na gest\u00e3o energ\u00e9tica das empresas\u201d, afirmou o gerente de Meio Ambiente e Sustentabilidade da CNI, Davi Bomtempo.<\/p>\n<p><strong>Fonte: Ag\u00eancia Brasil<\/strong><\/p>\n","protected":false},"excerpt":{"rendered":"<p>O setor de energia solar tem comemorado o aumento da ades\u00e3o aos sistemas de produ\u00e7\u00e3o de energia fotovoltaica no Brasil. O pa\u00eds ultrapassou a marca&#8230;<\/p>\n","protected":false},"author":1527,"featured_media":41862,"comment_status":"closed","ping_status":"closed","sticky":false,"template":"","format":"standard","meta":{"footnotes":""},"categories":[6],"tags":[],"class_list":["post-41861","post","type-post","status-publish","format-standard","has-post-thumbnail","hentry","category-noticias"],"_links":{"self":[{"href":"https:\/\/www.sincomam.org.br\/index.php\/wp-json\/wp\/v2\/posts\/41861","targetHints":{"allow":["GET"]}}],"collection":[{"href":"https:\/\/www.sincomam.org.br\/index.php\/wp-json\/wp\/v2\/posts"}],"about":[{"href":"https:\/\/www.sincomam.org.br\/index.php\/wp-json\/wp\/v2\/types\/post"}],"author":[{"embeddable":true,"href":"https:\/\/www.sincomam.org.br\/index.php\/wp-json\/wp\/v2\/users\/1527"}],"replies":[{"embeddable":true,"href":"https:\/\/www.sincomam.org.br\/index.php\/wp-json\/wp\/v2\/comments?post=41861"}],"version-history":[{"count":1,"href":"https:\/\/www.sincomam.org.br\/index.php\/wp-json\/wp\/v2\/posts\/41861\/revisions"}],"predecessor-version":[{"id":41863,"href":"https:\/\/www.sincomam.org.br\/index.php\/wp-json\/wp\/v2\/posts\/41861\/revisions\/41863"}],"wp:featuredmedia":[{"embeddable":true,"href":"https:\/\/www.sincomam.org.br\/index.php\/wp-json\/wp\/v2\/media\/41862"}],"wp:attachment":[{"href":"https:\/\/www.sincomam.org.br\/index.php\/wp-json\/wp\/v2\/media?parent=41861"}],"wp:term":[{"taxonomy":"category","embeddable":true,"href":"https:\/\/www.sincomam.org.br\/index.php\/wp-json\/wp\/v2\/categories?post=41861"},{"taxonomy":"post_tag","embeddable":true,"href":"https:\/\/www.sincomam.org.br\/index.php\/wp-json\/wp\/v2\/tags?post=41861"}],"curies":[{"name":"wp","href":"https:\/\/api.w.org\/{rel}","templated":true}]}}