{"id":4186,"date":"2014-03-14T08:10:51","date_gmt":"2014-03-14T11:10:51","guid":{"rendered":"http:\/\/www.sincomam.org.br\/?p=4186"},"modified":"2014-03-13T17:38:20","modified_gmt":"2014-03-13T20:38:20","slug":"brasil-atrasado-ha-100-dias-da-copa-alemanha-e-africa-ja-estavam-prontas","status":"publish","type":"post","link":"https:\/\/www.sincomam.org.br\/index.php\/brasil-atrasado-ha-100-dias-da-copa-alemanha-e-africa-ja-estavam-prontas\/","title":{"rendered":"Brasil atrasado: h\u00e1 100 dias da Copa, Alemanha e \u00c1frica j\u00e1 estavam prontas"},"content":{"rendered":"<p><b><i>Pa\u00eds pode dizer que est\u00e1 66,6% pronto para o Mundial<\/i><\/b><\/p>\n<p>A contagem regressiva que come\u00e7ou em 2007 est\u00e1 chegando ao fim. Sete anos se passaram desde quando o Brasil foi confirmado como sede da Copa do Mundo de 2014, e agora restam apenas 100 dias para o pontap\u00e9 inicial de 12 de junho, na Arena Corinthians, em S\u00e3o Paulo, marcando o in\u00edcio do Mundial.<\/p>\n<p>Tomando como base somente as arenas, o Brasil pode dizer que est\u00e1 66,6% pronto para o Mundial. No mesmo per\u00edodo, em 2006, a Alemanha estava 100% pronta, enquanto a \u00c1frica do Sul, em 2010, poderia se considerar 80% preparada para receber o torneio.<\/p>\n<p>Para realizar o evento conforme o planejado, o pa\u00eds ainda precisa entregar \u00e0 Fifa quatro dos 12 est\u00e1dios a tempo de realizar eventos-teste exigidos pela entidade.<\/p>\n<p>Os n\u00fameros s\u00e3o de um levantamento feito pela BBC Brasil para tra\u00e7ar um comparativo com os dois \u00faltimos Mundiais e constatar em qual est\u00e1gio estavam os alem\u00e3es e os sul-africanos a 100 dias da Copa considerando apenas as obras nos est\u00e1dios.<\/p>\n<p>Na Alemanha, em janeiro de 2006, faltando ainda cinco meses para o in\u00edcio do torneio da Fifa, as 12 arenas que abrigariam jogos do Mundial j\u00e1 estavam prontas e testadas. O \u00faltimo gramado a ser entregue ficou pronto em novembro de 2005 e, no in\u00edcio de 2006, os 12 palcos da Copa j\u00e1 haviam recebido pelo menos um jogo oficial.<\/p>\n<p>As arenas alem\u00e3s j\u00e1 eram utilizadas nas pr\u00f3prias partidas do Campeonato Alem\u00e3o durante a temporada 2005-06 e n\u00e3o apresentaram maiores problemas para a Fifa.<\/p>\n<p>Na \u00c1frica do Sul, em 2010, por\u00e9m, os 100 dias que antecederam o in\u00edcio da Copa n\u00e3o foram t\u00e3o tranquilos. O pa\u00eds sul-africano chegou \u00e0 reta final da contagem regressiva com oito dos 10 est\u00e1dios prontos e testados pelo menos uma vez, mas acumulou problemas nos outros dois que faltavam. Contudo, a \u00c1frica conseguiu superar e entregar tudo a tempo.<\/p>\n<p><b>Atrasos no Brasil<\/b><\/p>\n<p>Al\u00e9m dos seis est\u00e1dios utilizados na Copa das Confedera\u00e7\u00f5es, outros dois foram entregues nos \u00faltimos dois meses e j\u00e1 come\u00e7aram a receber os primeiros testes \u2013 Arena das Dunas, em Natal, e Beira-Rio, em Porto Alegre. Este \u00faltimo, por\u00e9m, apesar de j\u00e1 estar recebendo jogos do Internacional (clube ga\u00facho que administra o est\u00e1dio), ainda passa por algumas obras de acabamento.<\/p>\n<p>As maiores preocupa\u00e7\u00f5es da Fifa recaem sobre Curitiba (Arena da Baixada) e S\u00e3o Paulo (Arena Corinthians), que devem entregar os est\u00e1dios em meados de maio, faltando um m\u00eas para o in\u00edcio da Copa.<\/p>\n<p>A Arena Corinthians ser\u00e1 palco do jogo de abertura do torneio, entre Brasil e Cro\u00e1cia, no dia 12 de junho. Por conta do acidente ocorrido na obra em novembro, quando a queda de um guindaste provocou a morte de duas pessoas, o est\u00e1dio teve seu cronograma atrasado.<\/p>\n<p>A expectativa era de que ele ficasse pronto em abril, mas o secret\u00e1rio da Fifa, J\u00e9r\u00f4me Valcke, avisou, em entrevista coletiva no \u00faltimo final de semana, que &#8220;a arena n\u00e3o estar\u00e1 pronta antes de maio.&#8221;<\/p>\n<p>O caso de Curitiba foi mais complexo e quase custou a exclus\u00e3o da cidade da Copa do Mundo deste ano. A Arena da Baixada s\u00f3 foi confirmada como sede do torneio h\u00e1 duas semanas, ap\u00f3s um voto de confian\u00e7a de Valcke nos organizadores da Copa na cidade. Agora, os governos locais trabalham junto com o Atl\u00e9tico-PR (clube administrador da arena) para finalizar os trabalhos a tempo.<\/p>\n<p>Fonte: BBC Brasil SP <br \/>Foto:\u00a0Odebrecht\/Divulga\u00e7\u00e3o &#8211;\u00a0Arena Corinthians com 50% de conclus\u00e3o<\/p>\n","protected":false},"excerpt":{"rendered":"<p>Pa\u00eds pode dizer que est\u00e1 66,6% pronto para o Mundial A contagem regressiva que come\u00e7ou em 2007 est\u00e1 chegando ao fim. Sete anos se passaram&#8230;<\/p>\n","protected":false},"author":1182,"featured_media":4187,"comment_status":"closed","ping_status":"closed","sticky":false,"template":"","format":"standard","meta":{"footnotes":""},"categories":[6],"tags":[727,61,137,728,126],"class_list":["post-4186","post","type-post","status-publish","format-standard","has-post-thumbnail","hentry","category-noticias","tag-atraso","tag-brasil","tag-copa","tag-estadios","tag-obras"],"_links":{"self":[{"href":"https:\/\/www.sincomam.org.br\/index.php\/wp-json\/wp\/v2\/posts\/4186","targetHints":{"allow":["GET"]}}],"collection":[{"href":"https:\/\/www.sincomam.org.br\/index.php\/wp-json\/wp\/v2\/posts"}],"about":[{"href":"https:\/\/www.sincomam.org.br\/index.php\/wp-json\/wp\/v2\/types\/post"}],"author":[{"embeddable":true,"href":"https:\/\/www.sincomam.org.br\/index.php\/wp-json\/wp\/v2\/users\/1182"}],"replies":[{"embeddable":true,"href":"https:\/\/www.sincomam.org.br\/index.php\/wp-json\/wp\/v2\/comments?post=4186"}],"version-history":[{"count":2,"href":"https:\/\/www.sincomam.org.br\/index.php\/wp-json\/wp\/v2\/posts\/4186\/revisions"}],"predecessor-version":[{"id":4191,"href":"https:\/\/www.sincomam.org.br\/index.php\/wp-json\/wp\/v2\/posts\/4186\/revisions\/4191"}],"wp:featuredmedia":[{"embeddable":true,"href":"https:\/\/www.sincomam.org.br\/index.php\/wp-json\/wp\/v2\/media\/4187"}],"wp:attachment":[{"href":"https:\/\/www.sincomam.org.br\/index.php\/wp-json\/wp\/v2\/media?parent=4186"}],"wp:term":[{"taxonomy":"category","embeddable":true,"href":"https:\/\/www.sincomam.org.br\/index.php\/wp-json\/wp\/v2\/categories?post=4186"},{"taxonomy":"post_tag","embeddable":true,"href":"https:\/\/www.sincomam.org.br\/index.php\/wp-json\/wp\/v2\/tags?post=4186"}],"curies":[{"name":"wp","href":"https:\/\/api.w.org\/{rel}","templated":true}]}}