{"id":41858,"date":"2022-10-13T12:36:38","date_gmt":"2022-10-13T15:36:38","guid":{"rendered":"http:\/\/www.sincomam.org.br\/?p=41858"},"modified":"2022-10-13T12:36:38","modified_gmt":"2022-10-13T15:36:38","slug":"marinha-lanca-processos-seletivos-em-todo-o-pais","status":"publish","type":"post","link":"https:\/\/www.sincomam.org.br\/index.php\/marinha-lanca-processos-seletivos-em-todo-o-pais\/","title":{"rendered":"Marinha lan\u00e7a processos seletivos em todo o Pa\u00eds"},"content":{"rendered":"<p>Os nove Distritos Navais da Marinha do Brasil (MB) divulgar\u00e3o, a partir do dia 20 de outubro, os Avisos de Convoca\u00e7\u00e3o do Processo Seletivo para o Servi\u00e7o Militar Volunt\u00e1rio de Oficiais tempor\u00e1rios (SMV-OF), com oportunidades em todo o Brasil. As vagas s\u00e3o para n\u00edvel superior em \u00e1reas como apoio \u00e0 Sa\u00fade, Medicina, Engenharia e Magist\u00e9rio. Podem concorrer candidatos com mais de 18 anos e menos de 41 na data da incorpora\u00e7\u00e3o. As inscri\u00e7\u00f5es come\u00e7am no dia 25 de outubro e v\u00e3o at\u00e9 o dia 8 de novembro.<\/p>\n<p>O v\u00ednculo entre os militares tempor\u00e1rios e a Marinha pode ser renovado a cada ano, podendo chegar at\u00e9 oito anos, sem possibilidade de estabilidade. Al\u00e9m disso, os volunt\u00e1rios disputam vagas regionalmente, em cada Distrito Naval, e n\u00e3o a n\u00edvel nacional, como nos concursos para carreira.\u00a0<a href=\"https:\/\/www.marinha.mil.br\/sspm\/?q=noticias\/oficiais-tempor%C3%A1rios-da-marinha-pelo-menos-473-vagas-j%C3%A1-est%C3%A3o-confirmadas\" target=\"_blank\" rel=\"noopener\">Veja aqui as vagas confirmadas<\/a>.<\/p>\n<p><strong>Saiba como inscrever-se no SMV-OF<\/strong><br \/>\nEntre os dias 25 de outubro e 8 de novembro, os interessados dever\u00e3o acessar o\u00a0<a href=\"https:\/\/www.marinha.mil.br\/sspm\/?q=content\/processo-seletivo-para-o-servico-militar-voluntario\" target=\"_blank\" rel=\"noopener\">site do Processo Seletivo<\/a>, escolher o Distrito Naval de prefer\u00eancia e ler o Aviso de Convoca\u00e7\u00e3o por completo. O processo seletivo para o SMV-OF \u00e9 regional, portanto cada Distrito Naval abre vagas conforme sua necessidade.<\/p>\n<p class=\" aBigClassNameToAvoidCollisionInText aBigClassNameToAvoidCollisionInText\"><strong>Etapas do Processo Seletivo<\/strong><br \/>\nOs certames ser\u00e3o compostos por sete etapas, sendo a primeira uma prova objetiva com 50 quest\u00f5es, sendo 25 de Portugu\u00eas e 25 de Forma\u00e7\u00e3o Militar-Naval, de car\u00e1ter eliminat\u00f3rio e classificat\u00f3rio. Para as vagas de m\u00e9dico, o conte\u00fado ser\u00e1 dividido em 25 quest\u00f5es de Portugu\u00eas e 25 de Conhecimentos Espec\u00edficos. As fases seguintes do certame incluem Verifica\u00e7\u00e3o de Dados Biogr\u00e1ficos e Verifica\u00e7\u00e3o Documental, Inspe\u00e7\u00e3o de Sa\u00fade, Teste de Aptid\u00e3o F\u00edsica de Ingresso, Prova de T\u00edtulos, Designa\u00e7\u00e3o \u00e0 Incorpora\u00e7\u00e3o e Incorpora\u00e7\u00e3o.<\/p>\n<p><strong>Conhe\u00e7a a carreira e remunera\u00e7\u00e3o do Oficial tempor\u00e1rio na Marinha<\/strong><br \/>\nAinda que sejam Oficiais tempor\u00e1rios, estes militares poder\u00e3o progredir na carreira naval, mesmo que seja em at\u00e9 oito anos, per\u00edodo m\u00e1ximo do SMV. O posto inicial a ser ocupado ser\u00e1 o de Guarda-Marinha, permanecendo durante os seis primeiros meses. Ap\u00f3s isso, o militar passar\u00e1 a Segundo-Tenente e permanecer\u00e1 por mais seis meses, indo a Primeiro-Tenente ao completar um ano de incorpora\u00e7\u00e3o. Caso chegue ao s\u00e9timo ano, ser\u00e1 promovido ao posto de Capit\u00e3o-Tenente.<\/p>\n<p><strong>Servi\u00e7o<\/strong><br \/>\n<strong>Processo Seletivo para o Servi\u00e7o Militar Volunt\u00e1rio de Oficiais tempor\u00e1rios<\/strong><br \/>\nInscri\u00e7\u00f5es entre 25 de outubro e 8 de novembro.<br \/>\nMais informa\u00e7\u00f5es:\u00a0<a href=\"https:\/\/www.marinha.mil.br\/sspm\/?q=content\/processo-seletivo-para-o-servico-militar-voluntario\" target=\"_blank\" rel=\"noopener\">https:\/\/www.marinha.mil.br\/sspm\/?q=content\/processo-seletivo-para-o-servico-militar-voluntario<\/a><\/p>\n<p>Fonte: Defesa em Foco<\/p>\n","protected":false},"excerpt":{"rendered":"<p>Os nove Distritos Navais da Marinha do Brasil (MB) divulgar\u00e3o, a partir do dia 20 de outubro, os Avisos de Convoca\u00e7\u00e3o do Processo Seletivo para&#8230;<\/p>\n","protected":false},"author":1527,"featured_media":41859,"comment_status":"closed","ping_status":"closed","sticky":false,"template":"","format":"standard","meta":{"footnotes":""},"categories":[6],"tags":[],"class_list":["post-41858","post","type-post","status-publish","format-standard","has-post-thumbnail","hentry","category-noticias"],"_links":{"self":[{"href":"https:\/\/www.sincomam.org.br\/index.php\/wp-json\/wp\/v2\/posts\/41858","targetHints":{"allow":["GET"]}}],"collection":[{"href":"https:\/\/www.sincomam.org.br\/index.php\/wp-json\/wp\/v2\/posts"}],"about":[{"href":"https:\/\/www.sincomam.org.br\/index.php\/wp-json\/wp\/v2\/types\/post"}],"author":[{"embeddable":true,"href":"https:\/\/www.sincomam.org.br\/index.php\/wp-json\/wp\/v2\/users\/1527"}],"replies":[{"embeddable":true,"href":"https:\/\/www.sincomam.org.br\/index.php\/wp-json\/wp\/v2\/comments?post=41858"}],"version-history":[{"count":1,"href":"https:\/\/www.sincomam.org.br\/index.php\/wp-json\/wp\/v2\/posts\/41858\/revisions"}],"predecessor-version":[{"id":41860,"href":"https:\/\/www.sincomam.org.br\/index.php\/wp-json\/wp\/v2\/posts\/41858\/revisions\/41860"}],"wp:featuredmedia":[{"embeddable":true,"href":"https:\/\/www.sincomam.org.br\/index.php\/wp-json\/wp\/v2\/media\/41859"}],"wp:attachment":[{"href":"https:\/\/www.sincomam.org.br\/index.php\/wp-json\/wp\/v2\/media?parent=41858"}],"wp:term":[{"taxonomy":"category","embeddable":true,"href":"https:\/\/www.sincomam.org.br\/index.php\/wp-json\/wp\/v2\/categories?post=41858"},{"taxonomy":"post_tag","embeddable":true,"href":"https:\/\/www.sincomam.org.br\/index.php\/wp-json\/wp\/v2\/tags?post=41858"}],"curies":[{"name":"wp","href":"https:\/\/api.w.org\/{rel}","templated":true}]}}