{"id":41815,"date":"2022-10-10T12:00:44","date_gmt":"2022-10-10T15:00:44","guid":{"rendered":"http:\/\/www.sincomam.org.br\/?p=41815"},"modified":"2022-10-10T12:00:44","modified_gmt":"2022-10-10T15:00:44","slug":"mais-de-250-embarcacoes-participam-da-maior-romaria-fluvial-do-brasil","status":"publish","type":"post","link":"https:\/\/www.sincomam.org.br\/index.php\/mais-de-250-embarcacoes-participam-da-maior-romaria-fluvial-do-brasil\/","title":{"rendered":"Mais de 250 embarca\u00e7\u00f5es participam da maior Romaria Fluvial do Brasil"},"content":{"rendered":"<p class=\"rtejustify\">No segundo domingo de outubro, Bel\u00e9m celebra o C\u00edrio de Nazar\u00e9, uma das maiores romarias cat\u00f3licas do mundo, que re\u00fane cerca de dois milh\u00f5es de fi\u00e9is pelas ruas da capital do Par\u00e1. Diversas programa\u00e7\u00f5es integram a festa em devo\u00e7\u00e3o \u00e0 padroeira dos paraenses, uma tradi\u00e7\u00e3o que se repete h\u00e1 mais de dois s\u00e9culos. Um dos mais importantes eventos \u00e9 a Romaria Fluvial pelas \u00e1guas da Ba\u00eda do Guajar\u00e1: na manh\u00e3 deste s\u00e1bado (8), mais de 250 de embarca\u00e7\u00f5es percorreram um trajeto de aproximadamente 16 quil\u00f4metros, entre o trapiche do Distrito de Icoaraci e a escadinha do Cais do Porto, em Bel\u00e9m (PA).<\/p>\n<p class=\"rtejustify\">Realizada desde 1986, a Romaria Fluvial \u00e9 o momento dedicado para as comunidades ribeirinhas e para os trabalhadores dos rios e igarap\u00e9s da Amaz\u00f4nia expressarem devo\u00e7\u00e3o e gratid\u00e3o a Maria de Nazar\u00e9, como a santa cat\u00f3lica \u00e9 carinhosamente chamada pelos fi\u00e9is.<\/p>\n<p>Ap\u00f3s dois anos de interrup\u00e7\u00e3o, a prociss\u00e3o fluvial retorna \u00e0 programa\u00e7\u00e3o oficial da quadra nazarena. A Marinha do Brasil\u00a0 foi a coordenadora da prociss\u00e3o das \u00e1guas: a imagem de Nossa Senhora de Nazar\u00e9 foi conduzida a bordo do Navio Hidroceanogr\u00e1fico (NHo) \u201cGarnier Sampaio\u201d, subordinado ao Centro de Hidrografia e Navega\u00e7\u00e3o do Norte. A imagem foi recebida a bordo pelo Comandante de Opera\u00e7\u00f5es Navais, Almirante de Esquadra Marcos Sampaio Olsen, e colocada em local de destaque na embarca\u00e7\u00e3o. A bordo do NHo \u201cGarnier Sampaio\u201d tamb\u00e9m estavam o Presidente da Rep\u00fablica, Jair Messias Bolsonaro,\u00a0 o Arcebispo de Bel\u00e9m, Dom Alberto Taveira Corr\u00eaa, al\u00e9m de autoridades militares das tr\u00eas For\u00e7as Armadas.<\/p>\n<p><strong>Seguran\u00e7a do tr\u00e1fego<\/strong><br \/>\nDurante a Romaria Fluvial, cabe \u00e0 MB coordenar a seguran\u00e7a do tr\u00e1fego aquavi\u00e1rio, trabalho que teve apoio de embarca\u00e7\u00f5es do Corpo de Bombeiros Militar do Par\u00e1, Grupamento Fluvial da Pol\u00edcia Civil do Par\u00e1, Praticagem, Servi\u00e7o de Atendimento M\u00f3vel de Urg\u00eancia de Bel\u00e9m (Samu) e Cruz Vermelha.<\/p>\n<p>A Marinha mobilizou 250 militares para o aparato de seguran\u00e7a da romaria. \u201cFizemos um planejamento detalhado, meticuloso. S\u00e3o cerca de 30 embarca\u00e7\u00f5es atuando neste planejamento, sendo a maioria da Marinha do Brasil\u201d, afirmou o Comandante do 4\u00ba Distrito Naval, o Vice-Almirante Edgar Luiz Siqueira Barbosa.<\/p>\n<p class=\"rtejustify\">O Capit\u00e3o de Corveta Jean Jaques Bergamaschi, que assumiu o comando do NHo \u201cGarnier Sampaio\u201d em fevereiro deste ano, teve a responsabilidade de conduzir a imagem peregrina. O comandante ressaltou o per\u00edodo intenso de prepara\u00e7\u00e3o.<\/p>\n<p class=\"rtejustify\">As embarca\u00e7\u00f5es que participaram da romaria foram previamente cadastradas pela Capitania dos Portos da Amaz\u00f4nia Oriental (CPAOR). Ap\u00f3s inspe\u00e7\u00e3o das condi\u00e7\u00f5es de seguran\u00e7a e verifica\u00e7\u00e3o da habilita\u00e7\u00e3o dos condutores, as embarca\u00e7\u00f5es receberam a bandeira de identifica\u00e7\u00e3o do evento.<\/p>\n<p class=\"rtejustify\">Durante o trajeto, a CPAOR realizou fiscaliza\u00e7\u00f5es para garantir o respeito \u00e0 capacidade de passageiros, e que todos os ocupantes das embarca\u00e7\u00f5es estivessem utilizando coletes salva-vidas. Outra preocupa\u00e7\u00e3o da autoridade mar\u00edtima foi a manuten\u00e7\u00e3o da dist\u00e2ncia de seguran\u00e7a entre os barcos que acompanhavam a romaria e o navio que conduzia a imagem de Nossa Senhora.<\/p>\n<p class=\"rtejustify\">Durante a prociss\u00e3o, nenhum incidente foi registrado. \u201cO nosso maior desafio foi cumprido: fazer o traslado da imagem de Nossa Senhora de Nazar\u00e9, garantindo que ela chegasse intacta ao centro de Bel\u00e9m. \u00c9 uma emo\u00e7\u00e3o muito grande ter cumprido o compromisso da Marinha, de garantir a seguran\u00e7a da navega\u00e7\u00e3o nessa Romaria Fluvial, uma festa religiosa bel\u00edssima do estado do Par\u00e1\u201d, disse o Capit\u00e3o dos Portos da Amaz\u00f4nia Oriental, o Capit\u00e3o de Mar e Guerra Andr\u00e9 Vieira.<\/p>\n<p class=\"rtejustify\">Na chegada \u00e0 escadinha do Cais do Porto, na Pra\u00e7a Pedro Teixeira, a imagem foi recebida com honras de Chefe de Estado pela Pol\u00edcia Militar e seguiu para a Moto Romaria. Neste domingo (9), ser\u00e1 realizada a grande prociss\u00e3o, que parte da Igreja da S\u00e9 at\u00e9 a Bas\u00edlica de Nazar\u00e9.<\/p>\n<p>Fonte: Defesa em Foco<\/p>\n","protected":false},"excerpt":{"rendered":"<p>No segundo domingo de outubro, Bel\u00e9m celebra o C\u00edrio de Nazar\u00e9, uma das maiores romarias cat\u00f3licas do mundo, que re\u00fane cerca de dois milh\u00f5es de&#8230;<\/p>\n","protected":false},"author":1527,"featured_media":41816,"comment_status":"closed","ping_status":"closed","sticky":false,"template":"","format":"standard","meta":{"footnotes":""},"categories":[6],"tags":[],"class_list":["post-41815","post","type-post","status-publish","format-standard","has-post-thumbnail","hentry","category-noticias"],"_links":{"self":[{"href":"https:\/\/www.sincomam.org.br\/index.php\/wp-json\/wp\/v2\/posts\/41815","targetHints":{"allow":["GET"]}}],"collection":[{"href":"https:\/\/www.sincomam.org.br\/index.php\/wp-json\/wp\/v2\/posts"}],"about":[{"href":"https:\/\/www.sincomam.org.br\/index.php\/wp-json\/wp\/v2\/types\/post"}],"author":[{"embeddable":true,"href":"https:\/\/www.sincomam.org.br\/index.php\/wp-json\/wp\/v2\/users\/1527"}],"replies":[{"embeddable":true,"href":"https:\/\/www.sincomam.org.br\/index.php\/wp-json\/wp\/v2\/comments?post=41815"}],"version-history":[{"count":1,"href":"https:\/\/www.sincomam.org.br\/index.php\/wp-json\/wp\/v2\/posts\/41815\/revisions"}],"predecessor-version":[{"id":41817,"href":"https:\/\/www.sincomam.org.br\/index.php\/wp-json\/wp\/v2\/posts\/41815\/revisions\/41817"}],"wp:featuredmedia":[{"embeddable":true,"href":"https:\/\/www.sincomam.org.br\/index.php\/wp-json\/wp\/v2\/media\/41816"}],"wp:attachment":[{"href":"https:\/\/www.sincomam.org.br\/index.php\/wp-json\/wp\/v2\/media?parent=41815"}],"wp:term":[{"taxonomy":"category","embeddable":true,"href":"https:\/\/www.sincomam.org.br\/index.php\/wp-json\/wp\/v2\/categories?post=41815"},{"taxonomy":"post_tag","embeddable":true,"href":"https:\/\/www.sincomam.org.br\/index.php\/wp-json\/wp\/v2\/tags?post=41815"}],"curies":[{"name":"wp","href":"https:\/\/api.w.org\/{rel}","templated":true}]}}