{"id":41812,"date":"2022-10-10T11:53:32","date_gmt":"2022-10-10T14:53:32","guid":{"rendered":"http:\/\/www.sincomam.org.br\/?p=41812"},"modified":"2022-10-10T11:53:32","modified_gmt":"2022-10-10T14:53:32","slug":"operantar-xli-garante-a-presenca-brasileira-no-continente-antartico-e-o-aprimoramento-tecnico-cientifico-do-pais","status":"publish","type":"post","link":"https:\/\/www.sincomam.org.br\/index.php\/operantar-xli-garante-a-presenca-brasileira-no-continente-antartico-e-o-aprimoramento-tecnico-cientifico-do-pais\/","title":{"rendered":"OPERANTAR XLI garante a presen\u00e7a brasileira no continente Ant\u00e1rtico e o aprimoramento t\u00e9cnico-cient\u00edfico do Pa\u00eds"},"content":{"rendered":"<p class=\"rtejustify\">Neste domingo (9), o Navio de Apoio Oceanogr\u00e1fico (NApOcARongel) \u201cAry Rongel\u201d e o Navio Polar (NPoAlteMaximiano) \u201cAlmirante Maximiano\u201d desatracaram da Base Naval da Ilha das Cobras rumo ao continente Ant\u00e1rtico, com previs\u00e3o de perman\u00eancia at\u00e9 abril de 2023. A Opera\u00e7\u00e3o Ant\u00e1rtica (OPERANTAR) completa quatro d\u00e9cadas neste ano de 2022 e, al\u00e9m do intuito da preserva\u00e7\u00e3o local e de toda a biodiversidade, tem como principal objetivo atingir a promo\u00e7\u00e3o de pesquisa cient\u00edfica diversificada e de alta qualidade na regi\u00e3o ant\u00e1rtica, garantindo assim ao Brasil a condi\u00e7\u00e3o de Membro Consultivo do Tratado da Ant\u00e1rtica.<\/p>\n<p class=\"rtejustify\">A OPERANTAR XLI tamb\u00e9m dar\u00e1 prosseguimento ao retorno do pleno uso dos laborat\u00f3rios da nova Esta\u00e7\u00e3o Ant\u00e1rtica Comandante Ferraz (EACF) e das investiga\u00e7\u00f5es in loco, j\u00e1 iniciadas no \u00faltimo ver\u00e3o ant\u00e1rtico, possibilitando a continuidade da produ\u00e7\u00e3o cient\u00edfica e da presen\u00e7a do Pa\u00eds no continente austral.<\/p>\n<p class=\"rtejustify\">Segundo o Comandante do NPoAlteMaximiano, Capit\u00e3o de Mar e Guerra Dieferson Ramos Pinheiro, \u201cos navios apoiar\u00e3o os projetos cient\u00edficos de diversas \u00e1reas do conhecimento da OPERANTAR XLI. Dentro desses projetos ser\u00e3o realizadas pesquisas nos mais diversos campos, tais como: meteorol\u00f3gico, atmosf\u00e9rico, oceanogr\u00e1fico, hidrogr\u00e1fico, morfol\u00f3gico, biol\u00f3gico e da paleontologia. Ressalta-se que, al\u00e9m dos conhecimentos acad\u00eamicos, tais pesquisas poder\u00e3o trazer benef\u00edcios para as \u00e1reas da medicina, com a formula\u00e7\u00e3o de medicamentos; da agricultura, no desenvolvimento de novos pesticidas e herbicidas; e da ind\u00fastria, na fabrica\u00e7\u00e3o de produtos como anticongelantes e protetores solares\u201d.<\/p>\n<p class=\"rtejustify\">J\u00e1 para o Comandante do NApOcARongel, Capit\u00e3o de Mar e Guerra Fabiano de Medeiros Ichayo, \u201cestudar a Ant\u00e1rtica reveste-se de import\u00e2ncia \u00e0 medida que a humanidade concentra esfor\u00e7os na busca de solu\u00e7\u00f5es para os impactos das mudan\u00e7as clim\u00e1ticas globais, visto que ela \u00e9 indispens\u00e1vel \u00e0 compreens\u00e3o da evolu\u00e7\u00e3o f\u00edsica e ambiental do planeta, assim como fator preponderante sobre o clima da Terra\u201d.<\/p>\n<p class=\"rtejustify\"><strong>Programa Ant\u00e1rtico Brasileiro<\/strong><br \/>\nO Programa Ant\u00e1rtico Brasileiro (PROANTAR) \u00e9 estruturado em quatro vertentes b\u00e1sicas, sendo elas: a cient\u00edfica, sob a coordena\u00e7\u00e3o do Minist\u00e9rio da Ci\u00eancia, Tecnologia e Inova\u00e7\u00f5es e do Conselho Nacional de Desenvolvimento Cient\u00edfico e Tecnol\u00f3gico; a ambiental, sob a responsabilidade do Minist\u00e9rio do Meio Ambiente; a log\u00edstica, a cargo do Minist\u00e9rio da Defesa, com a coordena\u00e7\u00e3o e realiza\u00e7\u00e3o da Marinha do Brasil (MB); e a de pol\u00edtica externa, a cargo do Minist\u00e9rio das Rela\u00e7\u00f5es Exteriores.<\/p>\n<p>Conforme afirma a Encarregada da Divis\u00e3o de Rela\u00e7\u00f5es internacionais do PROANTAR, Capit\u00e3o de Mar e Guerra Haynn\u00e9e Trad Souza, \u201cas pesquisas oceanogr\u00e1ficas e meteorol\u00f3gicas desenvolvidas na Ant\u00e1rtica possibilitam a melhor compreens\u00e3o dos fen\u00f4menos naturais que influenciam diretamente o clima no Brasil, permitindo o aprimoramento dos modelos num\u00e9ricos empregados na previs\u00e3o meteorol\u00f3gica na regi\u00e3o costeira do Brasil, contribuindo para a seguran\u00e7a das opera\u00e7\u00f5es de explora\u00e7\u00e3o e explota\u00e7\u00e3o de petr\u00f3leo e g\u00e1s na costa sul-americana\u201d.<\/p>\n<p>Este ano, 130 pesquisadores de diferentes institui\u00e7\u00f5es far\u00e3o parte do grupo que realizar\u00e1 pesquisas para coleta de amostras e dados na Ant\u00e1rtica, sendo um deles o bi\u00f3logo e professor do Departamento de Microbiologia da Universidade Federal de Minas Gerais (UFMG), Dr. Luiz Henrique Rosa, o qual tem um projeto sobre diversidade e biotecnologia de fungos no continente gelado. \u201cA realiza\u00e7\u00e3o das atividades cient\u00edficas na Esta\u00e7\u00e3o Ant\u00e1rtica Comandante Ferraz \u00e9 um privil\u00e9gio, porque o trabalho da ci\u00eancia Ant\u00e1rtica \u00e9 complexo, j\u00e1 que envolve caracter\u00edsticas peculiares, pois al\u00e9m da ci\u00eancia propriamente dita, n\u00f3s temos o desafio da condi\u00e7\u00e3o clim\u00e1tica e do car\u00e1ter geopol\u00edtico, logo, o planejamento ocorre durante um ano inteiro, mas, ainda assim, n\u00f3s conseguimos somente trabalhar e desenvolver as nossas pesquisas se a Ant\u00e1rtica deixar. Por isso, trabalhar na esta\u00e7\u00e3o Comandante Ferraz n\u00e3o s\u00f3 representa uma atividade muito importante para a pesquisa brasileira como para o mundo inteiro\u201d, ressalta.<\/p>\n<p>O pesquisador ainda destaca o apoio prestado pela MB, no que tange as parcerias e a log\u00edstica no continente gelado.\u00a0 \u201cA parceria entre as universidades e institutos de pesquisa com a MB para a execu\u00e7\u00e3o do PROANTAR \u00e9 fundamental. A Marinha tem uma grande expertise log\u00edstica que nos propicia acessar regi\u00f5es da pen\u00ednsula Ant\u00e1rtica para coletar nossas amostras e os dados que s\u00e3o fundamentais para execu\u00e7\u00e3o dos trabalhos cient\u00edficos. A coleta de dados representa uma grande produ\u00e7\u00e3o cient\u00edfica para o Brasil, haja vista que se torna recursos humanos, formando dessa forma os mestres, doutores e p\u00f3s-doutores. A MB tem um conhecimento muito vasto da Ant\u00e1rtica, e os navios polares \u2018Almirante Maximiano\u2019 e \u2018Ary Rongel\u2019 s\u00e3o fundamentais para realiza\u00e7\u00e3o de tal feito, pois eles t\u00eam catalogados v\u00e1rios dados e hist\u00f3ricos de regi\u00f5es acessadas em outras viagens bem como de locais que ainda iremos acessar\u201d, complementa o professor.<\/p>\n<p class=\"rtejustify\"><strong>Ant\u00e1rtica \u2013 O continente gelado<\/strong><br \/>\nContinente mais in\u00f3spito do planeta, a Ant\u00e1rtica tem mais de 90% de seu territ\u00f3rio coberto por gelo e cerca de 70% da \u00e1gua pot\u00e1vel de todo o globo. Sua proximidade com a Am\u00e9rica do Sul torna a regi\u00e3o ant\u00e1rtica especialmente relevante para o Brasil, a ponto de ter sido considerada parte do entorno estrat\u00e9gico do pa\u00eds. Ademais, a Ant\u00e1rtica destaca-se por ser administrada por meio de um regime internacional baseado em um sistema de conven\u00e7\u00f5es e documentos, que definiu as atividades de pesquisa como sendo o prop\u00f3sito fundamental da ocupa\u00e7\u00e3o da regi\u00e3o.<\/p>\n<p class=\"rtejustify\">Segundo o Comandante Dieferson \u201ca import\u00e2ncia do desenvolvimento das atividades de pesquisa se d\u00e1 por permitir a consolida\u00e7\u00e3o do PROANTAR, credenciando o pa\u00eds a influir em todas as decis\u00f5es tomadas no \u00e2mbito do Sistema do Tratado da Ant\u00e1rtica, na condi\u00e7\u00e3o de membro consultivo deste tratado. Essas atividades de pesquisa asseguraram a presen\u00e7a de brasileiros, especialmente pesquisadores, na Ant\u00e1rtica. Outro ponto importante \u00e9 que todos os estudos referentes aos oceanos, tais como hidrografia e oceanografia, s\u00e3o de vital import\u00e2ncia para que a MB possa aproveitar ao m\u00e1ximo as capacidades operativas dos nossos submarinos\u201d.<\/p>\n<p class=\"rtejustify\">Os navios possuem previs\u00e3o de chegar \u00e0 Ant\u00e1rtica no dia 07 de novembro.<\/p>\n<p>Fonte: Ag\u00eancia Marinha de Not\u00edcias<\/p>\n","protected":false},"excerpt":{"rendered":"<p>Neste domingo (9), o Navio de Apoio Oceanogr\u00e1fico (NApOcARongel) \u201cAry Rongel\u201d e o Navio Polar (NPoAlteMaximiano) \u201cAlmirante Maximiano\u201d desatracaram da Base Naval da Ilha das&#8230;<\/p>\n","protected":false},"author":1527,"featured_media":41813,"comment_status":"closed","ping_status":"closed","sticky":false,"template":"","format":"standard","meta":{"footnotes":""},"categories":[6],"tags":[],"class_list":["post-41812","post","type-post","status-publish","format-standard","has-post-thumbnail","hentry","category-noticias"],"_links":{"self":[{"href":"https:\/\/www.sincomam.org.br\/index.php\/wp-json\/wp\/v2\/posts\/41812","targetHints":{"allow":["GET"]}}],"collection":[{"href":"https:\/\/www.sincomam.org.br\/index.php\/wp-json\/wp\/v2\/posts"}],"about":[{"href":"https:\/\/www.sincomam.org.br\/index.php\/wp-json\/wp\/v2\/types\/post"}],"author":[{"embeddable":true,"href":"https:\/\/www.sincomam.org.br\/index.php\/wp-json\/wp\/v2\/users\/1527"}],"replies":[{"embeddable":true,"href":"https:\/\/www.sincomam.org.br\/index.php\/wp-json\/wp\/v2\/comments?post=41812"}],"version-history":[{"count":1,"href":"https:\/\/www.sincomam.org.br\/index.php\/wp-json\/wp\/v2\/posts\/41812\/revisions"}],"predecessor-version":[{"id":41814,"href":"https:\/\/www.sincomam.org.br\/index.php\/wp-json\/wp\/v2\/posts\/41812\/revisions\/41814"}],"wp:featuredmedia":[{"embeddable":true,"href":"https:\/\/www.sincomam.org.br\/index.php\/wp-json\/wp\/v2\/media\/41813"}],"wp:attachment":[{"href":"https:\/\/www.sincomam.org.br\/index.php\/wp-json\/wp\/v2\/media?parent=41812"}],"wp:term":[{"taxonomy":"category","embeddable":true,"href":"https:\/\/www.sincomam.org.br\/index.php\/wp-json\/wp\/v2\/categories?post=41812"},{"taxonomy":"post_tag","embeddable":true,"href":"https:\/\/www.sincomam.org.br\/index.php\/wp-json\/wp\/v2\/tags?post=41812"}],"curies":[{"name":"wp","href":"https:\/\/api.w.org\/{rel}","templated":true}]}}