{"id":4180,"date":"2014-03-14T08:05:34","date_gmt":"2014-03-14T11:05:34","guid":{"rendered":"http:\/\/www.sincomam.org.br\/?p=4180"},"modified":"2014-03-13T17:26:44","modified_gmt":"2014-03-13T20:26:44","slug":"rio-madeira-mais-de-duas-mil-familias-estao-desabrigadas-em-porto-velho","status":"publish","type":"post","link":"https:\/\/www.sincomam.org.br\/index.php\/rio-madeira-mais-de-duas-mil-familias-estao-desabrigadas-em-porto-velho\/","title":{"rendered":"Rio Madeira: mais de duas mil fam\u00edlias est\u00e3o desabrigadas em Porto Velho"},"content":{"rendered":"<p><em><strong>Distrito S\u00e3o Carlos est\u00e1 praticamente submerso pela \u00e1gua do Rio Madeira<\/strong><\/em><br \/>O prefeito Mauro Nazif decretou estado de calamidade p\u00fablica em Porto Velho (RO), nesta quinta-feira (27), em raz\u00e3o da cheia hist\u00f3ria do Rio Madeira. Pelo menos 2,3 mil fam\u00edlias, o que representa cerca de 10 mil pessoas, fora de suas casas, na capital e em 14 distritos atingidos pelas \u00e1guas, de acordo com o coordenador da Defesa Civil Municipal, coronel Jos\u00e9 Pimentel.<\/p>\n<p>Na regi\u00e3o do Baixo e M\u00e9dio Madeira, o distrito S\u00e3o Carlos est\u00e1 praticamente submerso pela \u00e1gua do Rio Madeira, segundo a Defesa Civil, e todas as fam\u00edlias foram retiradas de l\u00e1 e levadas para abrigos em Nazar\u00e9 e outros foram trazidos para Porto Velho.<\/p>\n<p>A \u00e1gua inundou planta\u00e7\u00f5es e criadouros de Porto Velho e dos distritos S\u00e3o Carlos, Calama e Nazar\u00e9. A estimativa \u00e9 de que os preju\u00edzos cheguem a R$ 55 milh\u00f5es.<\/p>\n<p>Nos distritos do Eixo da BR-364 &#8211; Fortaleza do Abun\u00e3, Jacy-Paran\u00e1 e Abun\u00e3 &#8211; 30 fam\u00edlias est\u00e3o desabrigadas e 126 desalojadas. J\u00e1 em Nova Mamor\u00e9, 15 est\u00e3o desabrigadas e 41 fam\u00edlias desalojadas, mas a Defesa Civil ressalta que todos os moradores s\u00e3o indiretamente atingidos, porque o munic\u00edpio est\u00e1 isolado. O ministro da Integra\u00e7\u00e3o Nacional, Francisco Teixeira, esteve em Porto Velho duas vezes e reconheceu que a situa\u00e7\u00e3o encontrada &#8220;\u00e9 o maior desastre natural da Amaz\u00f4nia&#8221;.<\/p>\n<p>A cheia do Madeira est\u00e1 ainda impedindo que caminh\u00f5es do tipo cegonha cheguem at\u00e9 o Acre, por causa de uma l\u00e2mina d&#8217;\u00e1gua que cobre a BR-364. Por conta disso, os ve\u00edculos est\u00e3o sendo deixados em dep\u00f3sitos em Porto Velho, fazendo com que as transportadoras tenham preju\u00edzos, pois precisam alugar um espa\u00e7o e depois dever\u00e3o custear a viagem at\u00e9 a cidade acreana, explica Lu\u00eds Augusto de Oliveira, dono de dep\u00f3sito.<\/p>\n<p>Fonte: G1<\/p>\n","protected":false},"excerpt":{"rendered":"<p>Distrito S\u00e3o Carlos est\u00e1 praticamente submerso pela \u00e1gua do Rio MadeiraO prefeito Mauro Nazif decretou estado de calamidade p\u00fablica em Porto Velho (RO), nesta quinta-feira&#8230;<\/p>\n","protected":false},"author":1182,"featured_media":4181,"comment_status":"closed","ping_status":"closed","sticky":false,"template":"","format":"standard","meta":{"footnotes":""},"categories":[6],"tags":[725,724,726,723],"class_list":["post-4180","post","type-post","status-publish","format-standard","has-post-thumbnail","hentry","category-noticias","tag-desabrigadas","tag-familias","tag-porto-velho","tag-rio-madeira"],"_links":{"self":[{"href":"https:\/\/www.sincomam.org.br\/index.php\/wp-json\/wp\/v2\/posts\/4180","targetHints":{"allow":["GET"]}}],"collection":[{"href":"https:\/\/www.sincomam.org.br\/index.php\/wp-json\/wp\/v2\/posts"}],"about":[{"href":"https:\/\/www.sincomam.org.br\/index.php\/wp-json\/wp\/v2\/types\/post"}],"author":[{"embeddable":true,"href":"https:\/\/www.sincomam.org.br\/index.php\/wp-json\/wp\/v2\/users\/1182"}],"replies":[{"embeddable":true,"href":"https:\/\/www.sincomam.org.br\/index.php\/wp-json\/wp\/v2\/comments?post=4180"}],"version-history":[{"count":1,"href":"https:\/\/www.sincomam.org.br\/index.php\/wp-json\/wp\/v2\/posts\/4180\/revisions"}],"predecessor-version":[{"id":4184,"href":"https:\/\/www.sincomam.org.br\/index.php\/wp-json\/wp\/v2\/posts\/4180\/revisions\/4184"}],"wp:featuredmedia":[{"embeddable":true,"href":"https:\/\/www.sincomam.org.br\/index.php\/wp-json\/wp\/v2\/media\/4181"}],"wp:attachment":[{"href":"https:\/\/www.sincomam.org.br\/index.php\/wp-json\/wp\/v2\/media?parent=4180"}],"wp:term":[{"taxonomy":"category","embeddable":true,"href":"https:\/\/www.sincomam.org.br\/index.php\/wp-json\/wp\/v2\/categories?post=4180"},{"taxonomy":"post_tag","embeddable":true,"href":"https:\/\/www.sincomam.org.br\/index.php\/wp-json\/wp\/v2\/tags?post=4180"}],"curies":[{"name":"wp","href":"https:\/\/api.w.org\/{rel}","templated":true}]}}