{"id":41775,"date":"2022-10-06T12:54:28","date_gmt":"2022-10-06T15:54:28","guid":{"rendered":"http:\/\/www.sincomam.org.br\/?p=41775"},"modified":"2022-10-06T12:54:28","modified_gmt":"2022-10-06T15:54:28","slug":"marco-no-setor-de-transportes-do-brasil-infra-s-a-inicia-atividades","status":"publish","type":"post","link":"https:\/\/www.sincomam.org.br\/index.php\/marco-no-setor-de-transportes-do-brasil-infra-s-a-inicia-atividades\/","title":{"rendered":"MARCO NO SETOR DE TRANSPORTES DO BRASIL, INFRA S.A. INICIA ATIVIDADES"},"content":{"rendered":"<p>Uma nova hist\u00f3ria no setor de infraestrutura come\u00e7a a ser escrita neste m\u00eas de outubro. A Infra S.A., fruto da incorpora\u00e7\u00e3o da EPL pela Valec, inicia suas atividades com a miss\u00e3o de dar celeridade a obras de engenharia ferrovi\u00e1ria, prestar servi\u00e7os de planejamento e estruturar projetos de inova\u00e7\u00e3o no setor de transportes, a fim de melhor a vida dos brasileiros. A estrutura\u00e7\u00e3o da modelagem de projetos de desestatiza\u00e7\u00e3o ser\u00e1 uma das prioridades.<\/p>\n<p>Solenidade realizada em Bras\u00edlia, nesta quarta-feira (5), celebrou a fus\u00e3o in\u00e9dita de duas estatais da Uni\u00e3o. A partir de agora, ser\u00e1 iniciado um per\u00edodo de transi\u00e7\u00e3o para que a Infra se torne o centro de intelig\u00eancia do Governo Federal para o setor de transportes e o planejamento integrado de longo prazo. \u201c\u00c9 uma empresa que j\u00e1 come\u00e7a estruturando mais de 30 projetos no setor portu\u00e1rio, oito projetos no setor aeroportu\u00e1rio, nossas primeiras PPPs no setor de infraestrutura, e mais de 20 projetos rodovi\u00e1rios com mais de 13 mil quil\u00f4metros em estradas\u201d, detalhou o ministro da Infraestrutura, Marcelo Sampaio.<\/p>\n<p>O ministro destacou que a Infra S.A. nasce com \u201cuma gest\u00e3o respons\u00e1vel, t\u00e9cnica, capacitada, \u00edntegra e com servidores engajados\u201d. A estatal ter\u00e1 como diretor-presidente, Mateus Szwarcwing; diretor de Administra\u00e7\u00e3o e Finan\u00e7as, Marcelo Caldas; diretor de Empreendimentos, Alex Trevisan; e diretor de Planejamento, Alessandro Reichert. A solenidade contou ainda com a presen\u00e7a do secret\u00e1rio-executivo do Minist\u00e9rio da Economia, Marcelo Guaranys.<\/p>\n<p>Com a incorpora\u00e7\u00e3o, o Minist\u00e9rio da Infraestrutura deixa de ter duas empresas dependentes do Tesouro Nacional para o surgimento de apenas uma, que vai reduzir os custos de funcionamento, ser autossuficiente e competitiva. Essa opera\u00e7\u00e3o societ\u00e1ria \u00e9 um dos reflexos do modelo proposto pelos minist\u00e9rios da Infraestrutura e da Economia para maximizar as entregas do Estado \u00e0 sociedade, liberando parte do or\u00e7amento p\u00fablico para outras \u00e1reas priorit\u00e1rias.<\/p>\n<p>\u201cHoje abrimos um novo cap\u00edtulo no setor de infraestrutura do Brasil. Um cap\u00edtulo que n\u00f3s queremos seguir avan\u00e7ando, trazendo essa agenda de planejamento, t\u00e3o importante para o nosso pa\u00eds\u201d, concluiu Marcelo Sampaio.<\/p>\n<p>Fonte: Informativo dos Portos<\/p>\n","protected":false},"excerpt":{"rendered":"<p>Uma nova hist\u00f3ria no setor de infraestrutura come\u00e7a a ser escrita neste m\u00eas de outubro. A Infra S.A., fruto da incorpora\u00e7\u00e3o da EPL pela Valec,&#8230;<\/p>\n","protected":false},"author":1527,"featured_media":41776,"comment_status":"closed","ping_status":"closed","sticky":false,"template":"","format":"standard","meta":{"footnotes":""},"categories":[6],"tags":[],"class_list":["post-41775","post","type-post","status-publish","format-standard","has-post-thumbnail","hentry","category-noticias"],"_links":{"self":[{"href":"https:\/\/www.sincomam.org.br\/index.php\/wp-json\/wp\/v2\/posts\/41775","targetHints":{"allow":["GET"]}}],"collection":[{"href":"https:\/\/www.sincomam.org.br\/index.php\/wp-json\/wp\/v2\/posts"}],"about":[{"href":"https:\/\/www.sincomam.org.br\/index.php\/wp-json\/wp\/v2\/types\/post"}],"author":[{"embeddable":true,"href":"https:\/\/www.sincomam.org.br\/index.php\/wp-json\/wp\/v2\/users\/1527"}],"replies":[{"embeddable":true,"href":"https:\/\/www.sincomam.org.br\/index.php\/wp-json\/wp\/v2\/comments?post=41775"}],"version-history":[{"count":1,"href":"https:\/\/www.sincomam.org.br\/index.php\/wp-json\/wp\/v2\/posts\/41775\/revisions"}],"predecessor-version":[{"id":41777,"href":"https:\/\/www.sincomam.org.br\/index.php\/wp-json\/wp\/v2\/posts\/41775\/revisions\/41777"}],"wp:featuredmedia":[{"embeddable":true,"href":"https:\/\/www.sincomam.org.br\/index.php\/wp-json\/wp\/v2\/media\/41776"}],"wp:attachment":[{"href":"https:\/\/www.sincomam.org.br\/index.php\/wp-json\/wp\/v2\/media?parent=41775"}],"wp:term":[{"taxonomy":"category","embeddable":true,"href":"https:\/\/www.sincomam.org.br\/index.php\/wp-json\/wp\/v2\/categories?post=41775"},{"taxonomy":"post_tag","embeddable":true,"href":"https:\/\/www.sincomam.org.br\/index.php\/wp-json\/wp\/v2\/tags?post=41775"}],"curies":[{"name":"wp","href":"https:\/\/api.w.org\/{rel}","templated":true}]}}