{"id":41742,"date":"2022-10-05T12:15:47","date_gmt":"2022-10-05T15:15:47","guid":{"rendered":"http:\/\/www.sincomam.org.br\/?p=41742"},"modified":"2022-10-05T12:15:47","modified_gmt":"2022-10-05T15:15:47","slug":"navio-veleiro-cisne-branco-atrai-trabalhadores-e-visitantes-no-cais-do-porto-de-paranagua","status":"publish","type":"post","link":"https:\/\/www.sincomam.org.br\/index.php\/navio-veleiro-cisne-branco-atrai-trabalhadores-e-visitantes-no-cais-do-porto-de-paranagua\/","title":{"rendered":"NAVIO-VELEIRO CISNE BRANCO ATRAI TRABALHADORES E VISITANTES NO CAIS DO PORTO DE PARANAGU\u00c1"},"content":{"rendered":"<p>Na segunda-feira (03), entre os 15 navios atracados no Porto de Paranagu\u00e1, esteve o Cisne Branco, da Marinha do Brasil. A embarca\u00e7\u00e3o atracou no \u00faltimo s\u00e1bado (01) e zarpa hoje (04). No domingo (02), ficou aberta para a visita\u00e7\u00e3o; hoje, s\u00e3o os trabalhadores do cais que aproveitam para ver de perto essa \u201cgalera\u201d.<\/p>\n<p>\u201cEsta n\u00e3o \u00e9 a primeira vez que o Cisne passa pelo porto paranaense. Atracado no ber\u00e7o 208, j\u00e1 esteve no cais do Estado em 2016\u201d, afirma o diretor de opera\u00e7\u00f5es da Portos do Paran\u00e1, Luiz Teixeira da Silva J\u00fanior.<\/p>\n<p>Desta vez, a recep\u00e7\u00e3o foi feita no Terminal de Cont\u00eaineres, no ber\u00e7o 215, pela empresa arrendat\u00e1ria TCP. Pela manh\u00e3, no domingo, foram 500 visitas guiadas; \u00e0 tarde, outras 2.500, durante a visita\u00e7\u00e3o p\u00fablica.<\/p>\n<p>O navio, um verdadeiro s\u00edmbolo da Marinha, tem diversas fun\u00e7\u00f5es. As principais s\u00e3o a de instru\u00e7\u00e3o e a de representa\u00e7\u00e3o, inclusive a diplom\u00e1tica. Esta \u00e9 exercida tanto em portos nacionais, quanto internacionais.<\/p>\n<p>Comparado aos navios que costumam atracar no porto, este \u00e9 pequeno \u2013 mede 76 metros de comprimento e n\u00e3o chega a ter 11 metros de largura. Por\u00e9m, em n\u00famero de tripulantes se destaca: atualmente s\u00e3o quase 70 pessoas escaladas na embarca\u00e7\u00e3o. Fixos, s\u00e3o cerca de 50 que se renovam a cada dois anos de servi\u00e7o.<\/p>\n<p>Segundo a Marinha, para integrar a tripula\u00e7\u00e3o do Cisne Branco, o militar precisa passar por processo seletivo composto, inclusive por entrevista e teste de perfil. Estar a bordo chega a ser, para muitos marinheiros, um sonho.<\/p>\n<p>\u201cSe eu tivesse tido essa oportunidade, com certeza eu serviria. \u00c9 uma embarca\u00e7\u00e3o muito bonita, diferente, e por ser um \u2018navio-escola\u2019, tem uma fun\u00e7\u00e3o muito importante, al\u00e9m da visita incentivar os jovens que queiram servir\u201d, afirma Renan dos Santos Nascimento, marinheiro, auxiliar de conv\u00e9s, da empresa Albriggs, que atua no porto desde 2009.<\/p>\n<p><strong>HIST\u00d3RICO\u00a0<\/strong>\u2013 Como divulga a pr\u00f3pria institui\u00e7\u00e3o militar, o navio-veleiro Cisne Branco (U20), j\u00e1 \u00e9 o terceiro a receber esse nome na Marinha do Brasil. \u00c9 uma r\u00e9plica das embarca\u00e7\u00f5es \u201cclipper\u201d, do fim do s\u00e9culo XIX. Foi constru\u00eddo pelo estaleiro Damen Oranjewerf, em Amsterd\u00e3, Holanda e lan\u00e7ado ao mar em agosto de 1999.<\/p>\n<p>A entrega foi feita em fevereiro de 2000, por ocasi\u00e3o da largada da Regata Internacional Comemorativa aos 500 anos do Descobrimento do Brasil. Nesta, percorreu a \u201cRota do Descobrimento\u201d, indo de Portugal ao Brasil. Desde ent\u00e3o, est\u00e1 incorporado \u00e0 Armada.<\/p>\n<p><strong>JORNADA \u2013\u00a0<\/strong>Na viagem atual, que inclui a parada em porto paranaense, a embarca\u00e7\u00e3o est\u00e1 navegando j\u00e1 h\u00e1 sete meses. No \u00faltimo m\u00eas de fevereiro, o Cisne Branco saiu do Rio de Janeiro para partir para a Comiss\u00e3o \u201cVelas Latino-Am\u00e9rica\u201d, realizada a cada quatro anos, com a Marinha de outros pa\u00edses do continente. Neste ano, formada por sete embarca\u00e7\u00f5es, o tema da Comiss\u00e3o foi a comemora\u00e7\u00e3o aos 200 anos de Independ\u00eancia do Brasil.<\/p>\n<p>Retornando pelo Sul do pa\u00eds, o Cisne j\u00e1 passou pelo Rio Grande do Sul e Santa Catarina. De Paranagu\u00e1, amanh\u00e3 (04), segue para Santos, para mais uma parada, antes de voltar para o Rio de Janeiro.<\/p>\n<p>No Instagram da Portos do Paran\u00e1 (<a class=\"0\" href=\"https:\/\/www.instagram.com\/portos_parana\/\" target=\"_blank\" rel=\"nofollow noopener\"><span data-color=\"#0072BB\"><strong>@portos_parana<\/strong><\/span><\/a>), \u00e9 poss\u00edvel ter acesso a outras informa\u00e7\u00f5es curiosas sobre a embarca\u00e7\u00e3o.<\/p>\n<p>Fonte: Informativo dos Portos<\/p>\n","protected":false},"excerpt":{"rendered":"<p>Na segunda-feira (03), entre os 15 navios atracados no Porto de Paranagu\u00e1, esteve o Cisne Branco, da Marinha do Brasil. A embarca\u00e7\u00e3o atracou no \u00faltimo&#8230;<\/p>\n","protected":false},"author":1527,"featured_media":41743,"comment_status":"closed","ping_status":"closed","sticky":false,"template":"","format":"standard","meta":{"footnotes":""},"categories":[6],"tags":[],"class_list":["post-41742","post","type-post","status-publish","format-standard","has-post-thumbnail","hentry","category-noticias"],"_links":{"self":[{"href":"https:\/\/www.sincomam.org.br\/index.php\/wp-json\/wp\/v2\/posts\/41742","targetHints":{"allow":["GET"]}}],"collection":[{"href":"https:\/\/www.sincomam.org.br\/index.php\/wp-json\/wp\/v2\/posts"}],"about":[{"href":"https:\/\/www.sincomam.org.br\/index.php\/wp-json\/wp\/v2\/types\/post"}],"author":[{"embeddable":true,"href":"https:\/\/www.sincomam.org.br\/index.php\/wp-json\/wp\/v2\/users\/1527"}],"replies":[{"embeddable":true,"href":"https:\/\/www.sincomam.org.br\/index.php\/wp-json\/wp\/v2\/comments?post=41742"}],"version-history":[{"count":1,"href":"https:\/\/www.sincomam.org.br\/index.php\/wp-json\/wp\/v2\/posts\/41742\/revisions"}],"predecessor-version":[{"id":41744,"href":"https:\/\/www.sincomam.org.br\/index.php\/wp-json\/wp\/v2\/posts\/41742\/revisions\/41744"}],"wp:featuredmedia":[{"embeddable":true,"href":"https:\/\/www.sincomam.org.br\/index.php\/wp-json\/wp\/v2\/media\/41743"}],"wp:attachment":[{"href":"https:\/\/www.sincomam.org.br\/index.php\/wp-json\/wp\/v2\/media?parent=41742"}],"wp:term":[{"taxonomy":"category","embeddable":true,"href":"https:\/\/www.sincomam.org.br\/index.php\/wp-json\/wp\/v2\/categories?post=41742"},{"taxonomy":"post_tag","embeddable":true,"href":"https:\/\/www.sincomam.org.br\/index.php\/wp-json\/wp\/v2\/tags?post=41742"}],"curies":[{"name":"wp","href":"https:\/\/api.w.org\/{rel}","templated":true}]}}