{"id":41723,"date":"2022-10-04T11:13:22","date_gmt":"2022-10-04T14:13:22","guid":{"rendered":"http:\/\/www.sincomam.org.br\/?p=41723"},"modified":"2022-10-04T11:13:22","modified_gmt":"2022-10-04T14:13:22","slug":"atp-e-antaq-assinam-acordo-para-promover-a-cooperacao-tecnica-nos-terminais-privados","status":"publish","type":"post","link":"https:\/\/www.sincomam.org.br\/index.php\/atp-e-antaq-assinam-acordo-para-promover-a-cooperacao-tecnica-nos-terminais-privados\/","title":{"rendered":"ATP E ANTAQ ASSINAM ACORDO PARA PROMOVER A COOPERA\u00c7\u00c3O T\u00c9CNICA NOS TERMINAIS PRIVADOS"},"content":{"rendered":"<p>A Associa\u00e7\u00e3o de Terminais Portu\u00e1rios Privados (ATP) e a Ag\u00eancia Nacional de Transportes Aquavi\u00e1rios (Antaq) oficializaram, na tarde desta segunda-feira (3\/10), um acordo para esfor\u00e7o conjunto de a\u00e7\u00f5es voltadas ao crescimento das atividades dos portos organizados e instala\u00e7\u00f5es portu\u00e1rias de Terminais de Uso Privado (TUPs). O presidente da ATP, Murillo Barbosa, assinou o protocolo de inten\u00e7\u00f5es durante a abertura do 29\u00ba CooperaPortos. Com o tema o \u201cPapel do setor portu\u00e1rio na transi\u00e7\u00e3o energ\u00e9tica\u201d, o evento h\u00edbrido tem programa\u00e7\u00e3o at\u00e9 quarta-feira (5\/10), no Porto do A\u00e7u (RJ). O encontro re\u00fane representantes dos setores p\u00fablico e privado.<\/p>\n<p>O Cooperaportos \u00e9 um evento de refer\u00eancia nacional em gest\u00e3o ambiental portu\u00e1ria e foi criado em 2000, por meio de termo de coopera\u00e7\u00e3o t\u00e9cnica entre a Antaq e os portos do Brasil, mas ainda n\u00e3o era efetiva a presen\u00e7a dos TUPs.<\/p>\n<p>De acordo com o protocolo assinado, o objetivo \u00e9 reunir \u201cesfor\u00e7os necess\u00e1rios para promover o desenvolvimento de projetos e a\u00e7\u00f5es\u201d, al\u00e9m do interc\u00e2mbio de informa\u00e7\u00f5es e de boas pr\u00e1ticas entre as diversas empresas e entidades do setor portu\u00e1rio do Brasil, \u00e1rea acad\u00eamica e \u00f3rg\u00e3os p\u00fablicos.<\/p>\n<p>As a\u00e7\u00f5es englobam as \u00e1reas de governan\u00e7a, gest\u00e3o de qualidade, gest\u00e3o ambiental, gest\u00e3o de sa\u00fade e seguran\u00e7a do trabalho, responsabilidade social, opera\u00e7\u00f5es portu\u00e1rias, pesquisa, desenvolvimento e inova\u00e7\u00e3o. A atua\u00e7\u00e3o conjunta tamb\u00e9m tem como foco o ESG, sigla em ingl\u00eas relacionada a boas pr\u00e1ticas ambientais, sociais e de governan\u00e7a.<\/p>\n<p>\u201cA sustentabilidade \u00e9 um tema especial para a ATP, e o intercambio intenso que proporcionamos entre os TUPs, via comit\u00ea, \u00e9 essencial. O termo de coopera\u00e7\u00e3o vai estimular uma s\u00e9rie de a\u00e7\u00f5es e indicadores importantes. Quero agradecer aos idealizadores do Cooperaportos, \u00e0 Antaq e ao Porto do A\u00e7u, que dedica 40 Km\u00b2 \u00e0 preserva\u00e7\u00e3o ambiental e agora investe em energia limpa. Ent\u00e3o, nada mais prop\u00edcio do que esse exemplo\u201d, disse Barbosa.<\/p>\n<p>O diretor-geral da Antaq, Eduardo Nery, ressaltou a import\u00e2ncia dos TUPs para o setor portu\u00e1rio. \u201cPara n\u00f3s, o ingresso dos TUPs vai agregar muito ao CooperaPortos, pois os terminais s\u00e3o exemplos de inova\u00e7\u00e3o em sustentabilidade, que \u00e9 um tema fundamental para a nossa ag\u00eancia\u201d, afirmou.<\/p>\n<p>No pa\u00eds em que os portos foram respons\u00e1veis por 98,1% do total de exporta\u00e7\u00f5es em toneladas no ano passado, a ATP re\u00fane 31 empresas associadas e congrega 61 TUPs, que respondem por 60% da movimenta\u00e7\u00e3o portu\u00e1ria brasileira.<\/p>\n<p>Fonte: Informativo dos Portos<\/p>\n","protected":false},"excerpt":{"rendered":"<p>A Associa\u00e7\u00e3o de Terminais Portu\u00e1rios Privados (ATP) e a Ag\u00eancia Nacional de Transportes Aquavi\u00e1rios (Antaq) oficializaram, na tarde desta segunda-feira (3\/10), um acordo para esfor\u00e7o&#8230;<\/p>\n","protected":false},"author":1527,"featured_media":41724,"comment_status":"closed","ping_status":"closed","sticky":false,"template":"","format":"standard","meta":{"footnotes":""},"categories":[6],"tags":[],"class_list":["post-41723","post","type-post","status-publish","format-standard","has-post-thumbnail","hentry","category-noticias"],"_links":{"self":[{"href":"https:\/\/www.sincomam.org.br\/index.php\/wp-json\/wp\/v2\/posts\/41723","targetHints":{"allow":["GET"]}}],"collection":[{"href":"https:\/\/www.sincomam.org.br\/index.php\/wp-json\/wp\/v2\/posts"}],"about":[{"href":"https:\/\/www.sincomam.org.br\/index.php\/wp-json\/wp\/v2\/types\/post"}],"author":[{"embeddable":true,"href":"https:\/\/www.sincomam.org.br\/index.php\/wp-json\/wp\/v2\/users\/1527"}],"replies":[{"embeddable":true,"href":"https:\/\/www.sincomam.org.br\/index.php\/wp-json\/wp\/v2\/comments?post=41723"}],"version-history":[{"count":1,"href":"https:\/\/www.sincomam.org.br\/index.php\/wp-json\/wp\/v2\/posts\/41723\/revisions"}],"predecessor-version":[{"id":41725,"href":"https:\/\/www.sincomam.org.br\/index.php\/wp-json\/wp\/v2\/posts\/41723\/revisions\/41725"}],"wp:featuredmedia":[{"embeddable":true,"href":"https:\/\/www.sincomam.org.br\/index.php\/wp-json\/wp\/v2\/media\/41724"}],"wp:attachment":[{"href":"https:\/\/www.sincomam.org.br\/index.php\/wp-json\/wp\/v2\/media?parent=41723"}],"wp:term":[{"taxonomy":"category","embeddable":true,"href":"https:\/\/www.sincomam.org.br\/index.php\/wp-json\/wp\/v2\/categories?post=41723"},{"taxonomy":"post_tag","embeddable":true,"href":"https:\/\/www.sincomam.org.br\/index.php\/wp-json\/wp\/v2\/tags?post=41723"}],"curies":[{"name":"wp","href":"https:\/\/api.w.org\/{rel}","templated":true}]}}