{"id":41711,"date":"2022-10-03T12:20:10","date_gmt":"2022-10-03T15:20:10","guid":{"rendered":"http:\/\/www.sincomam.org.br\/?p=41711"},"modified":"2022-10-03T12:20:10","modified_gmt":"2022-10-03T15:20:10","slug":"secretario-nacional-de-portos-assume-presidencia-do-conselho-dos-portos-do-parana","status":"publish","type":"post","link":"https:\/\/www.sincomam.org.br\/index.php\/secretario-nacional-de-portos-assume-presidencia-do-conselho-dos-portos-do-parana\/","title":{"rendered":"SECRET\u00c1RIO NACIONAL DE PORTOS ASSUME PRESID\u00caNCIA DO CONSELHO DOS PORTOS DO PARAN\u00c1"},"content":{"rendered":"<p>O secret\u00e1rio nacional de Portos e Transportes Aquavi\u00e1rios, Mario Povia, assumiu a Presid\u00eancia do Conselho de Administra\u00e7\u00e3o dos Portos de Paranagu\u00e1 e Antonina (Consad) nesta sexta-feira (30) para complementar o mandato 2021\/2023 na vaga de representante da Uni\u00e3o, ocupada anteriormente por Diogo Piloni.<\/p>\n<p>Povia \u00e9 servidor efetivo da Ag\u00eancia Nacional de Transportes Aquavi\u00e1rios (Antaq) onde atuou como superintendente de Portos e diretor-geral da ag\u00eancia. Foi presidente do Conselho de Autoridade Portu\u00e1ria (CAP) do Porto de S\u00e3o Sebasti\u00e3o e na Companhia Docas do Rio de Janeiro.<\/p>\n<p>Na \u00e1rea acad\u00eamica, possui gradua\u00e7\u00e3o em tecnologia operacional el\u00e9trica e bacharelado em direito, p\u00f3s-gradua\u00e7\u00e3o em administra\u00e7\u00e3o de empresas e em regula\u00e7\u00e3o de servi\u00e7os p\u00fablicos.<\/p>\n<p>CONSAD \u2013 O Conselho de Administra\u00e7\u00e3o \u00e9 um \u00f3rg\u00e3o de delibera\u00e7\u00e3o colegiada respons\u00e1vel pela orienta\u00e7\u00e3o geral dos neg\u00f3cios da empresa p\u00fablica Portos do Paran\u00e1 e composto por 9 integrantes. As reuni\u00f5es s\u00e3o mensais na sede da Portos do Paran\u00e1.<\/p>\n<p>Fonte: Informativo dos Portos<\/p>\n","protected":false},"excerpt":{"rendered":"<p>O secret\u00e1rio nacional de Portos e Transportes Aquavi\u00e1rios, Mario Povia, assumiu a Presid\u00eancia do Conselho de Administra\u00e7\u00e3o dos Portos de Paranagu\u00e1 e Antonina (Consad) nesta&#8230;<\/p>\n","protected":false},"author":1527,"featured_media":41712,"comment_status":"closed","ping_status":"closed","sticky":false,"template":"","format":"standard","meta":{"footnotes":""},"categories":[6],"tags":[],"class_list":["post-41711","post","type-post","status-publish","format-standard","has-post-thumbnail","hentry","category-noticias"],"_links":{"self":[{"href":"https:\/\/www.sincomam.org.br\/index.php\/wp-json\/wp\/v2\/posts\/41711","targetHints":{"allow":["GET"]}}],"collection":[{"href":"https:\/\/www.sincomam.org.br\/index.php\/wp-json\/wp\/v2\/posts"}],"about":[{"href":"https:\/\/www.sincomam.org.br\/index.php\/wp-json\/wp\/v2\/types\/post"}],"author":[{"embeddable":true,"href":"https:\/\/www.sincomam.org.br\/index.php\/wp-json\/wp\/v2\/users\/1527"}],"replies":[{"embeddable":true,"href":"https:\/\/www.sincomam.org.br\/index.php\/wp-json\/wp\/v2\/comments?post=41711"}],"version-history":[{"count":1,"href":"https:\/\/www.sincomam.org.br\/index.php\/wp-json\/wp\/v2\/posts\/41711\/revisions"}],"predecessor-version":[{"id":41713,"href":"https:\/\/www.sincomam.org.br\/index.php\/wp-json\/wp\/v2\/posts\/41711\/revisions\/41713"}],"wp:featuredmedia":[{"embeddable":true,"href":"https:\/\/www.sincomam.org.br\/index.php\/wp-json\/wp\/v2\/media\/41712"}],"wp:attachment":[{"href":"https:\/\/www.sincomam.org.br\/index.php\/wp-json\/wp\/v2\/media?parent=41711"}],"wp:term":[{"taxonomy":"category","embeddable":true,"href":"https:\/\/www.sincomam.org.br\/index.php\/wp-json\/wp\/v2\/categories?post=41711"},{"taxonomy":"post_tag","embeddable":true,"href":"https:\/\/www.sincomam.org.br\/index.php\/wp-json\/wp\/v2\/tags?post=41711"}],"curies":[{"name":"wp","href":"https:\/\/api.w.org\/{rel}","templated":true}]}}