{"id":41708,"date":"2022-10-03T11:59:38","date_gmt":"2022-10-03T14:59:38","guid":{"rendered":"http:\/\/www.sincomam.org.br\/?p=41708"},"modified":"2022-10-03T11:59:38","modified_gmt":"2022-10-03T14:59:38","slug":"marinha-participa-de-operacao-combinada-de-socorro-e-salvamento-com-as-armadas-da-argentina-e-do-uruguai","status":"publish","type":"post","link":"https:\/\/www.sincomam.org.br\/index.php\/marinha-participa-de-operacao-combinada-de-socorro-e-salvamento-com-as-armadas-da-argentina-e-do-uruguai\/","title":{"rendered":"Marinha participa de Opera\u00e7\u00e3o Combinada de Socorro e Salvamento com as Armadas da Argentina e do Uruguai"},"content":{"rendered":"<p>Entre os dias 10 e 16 de setembro, o Navio-Patrulha Oce\u00e2nico (NPaOc) \u201cApa\u201d, subordinado ao Comando do Grupamento de Patrulha Naval do Sudeste, participou da Opera\u00e7\u00e3o \u201cSAREX 2022\u201d, com o Navio-Patrulha Oce\u00e2nico \u201cPiedrabuena\u201d, da Armada Argentina, e com o Navio de Socorro Submarino \u201cVanguardia\u201d, da Armada da Rep\u00fablica Oriental do Uruguai.<\/p>\n<p>Iniciada na costa do Rio de Janeiro e encerrada na cidade de Mar del Plata (Argentina), durante a opera\u00e7\u00e3o foram realizadas manobras t\u00e1ticas e exerc\u00edcios de evacua\u00e7\u00e3o m\u00e9dica, de reboque e de socorro e salvamento.<\/p>\n<p>Os exerc\u00edcios proporcionaram oportunidades de aperfei\u00e7oando dos procedimentos empregados pelas Marinhas da Argentina, do Brasil e do Uruguai em opera\u00e7\u00f5es combinadas de socorro e salvamento. Al\u00e9m disso, durante a comiss\u00e3o, foram realizados interc\u00e2mbios di\u00e1rios de Oficiais entre os navios participantes, permitindo a troca direta de experi\u00eancias e o fortalecimento dos la\u00e7os existentes entre estas marinhas.<\/p>\n<p>As Opera\u00e7\u00f5es \u201cSAREX\u201d ocorrem regularmente na \u00e1rea de jurisdi\u00e7\u00e3o do Comando do 1\u00ba Distrito Naval, sob a coordena\u00e7\u00e3o do seu Centro Regional de Coordena\u00e7\u00e3o de \u00c1rea, e buscam empregar os procedimentos previstos para opera\u00e7\u00f5es de socorro e salvamento, visando \u00e0 salvaguarda da vida humana no mar.<\/p>\n<p>Fonte: Defesa em Foco<\/p>\n","protected":false},"excerpt":{"rendered":"<p>Entre os dias 10 e 16 de setembro, o Navio-Patrulha Oce\u00e2nico (NPaOc) \u201cApa\u201d, subordinado ao Comando do Grupamento de Patrulha Naval do Sudeste, participou da&#8230;<\/p>\n","protected":false},"author":1527,"featured_media":41709,"comment_status":"closed","ping_status":"closed","sticky":false,"template":"","format":"standard","meta":{"footnotes":""},"categories":[6],"tags":[],"class_list":["post-41708","post","type-post","status-publish","format-standard","has-post-thumbnail","hentry","category-noticias"],"_links":{"self":[{"href":"https:\/\/www.sincomam.org.br\/index.php\/wp-json\/wp\/v2\/posts\/41708","targetHints":{"allow":["GET"]}}],"collection":[{"href":"https:\/\/www.sincomam.org.br\/index.php\/wp-json\/wp\/v2\/posts"}],"about":[{"href":"https:\/\/www.sincomam.org.br\/index.php\/wp-json\/wp\/v2\/types\/post"}],"author":[{"embeddable":true,"href":"https:\/\/www.sincomam.org.br\/index.php\/wp-json\/wp\/v2\/users\/1527"}],"replies":[{"embeddable":true,"href":"https:\/\/www.sincomam.org.br\/index.php\/wp-json\/wp\/v2\/comments?post=41708"}],"version-history":[{"count":1,"href":"https:\/\/www.sincomam.org.br\/index.php\/wp-json\/wp\/v2\/posts\/41708\/revisions"}],"predecessor-version":[{"id":41710,"href":"https:\/\/www.sincomam.org.br\/index.php\/wp-json\/wp\/v2\/posts\/41708\/revisions\/41710"}],"wp:featuredmedia":[{"embeddable":true,"href":"https:\/\/www.sincomam.org.br\/index.php\/wp-json\/wp\/v2\/media\/41709"}],"wp:attachment":[{"href":"https:\/\/www.sincomam.org.br\/index.php\/wp-json\/wp\/v2\/media?parent=41708"}],"wp:term":[{"taxonomy":"category","embeddable":true,"href":"https:\/\/www.sincomam.org.br\/index.php\/wp-json\/wp\/v2\/categories?post=41708"},{"taxonomy":"post_tag","embeddable":true,"href":"https:\/\/www.sincomam.org.br\/index.php\/wp-json\/wp\/v2\/tags?post=41708"}],"curies":[{"name":"wp","href":"https:\/\/api.w.org\/{rel}","templated":true}]}}