{"id":41690,"date":"2022-10-03T08:45:29","date_gmt":"2022-10-03T11:45:29","guid":{"rendered":"http:\/\/www.sincomam.org.br\/?p=41690"},"modified":"2022-10-03T09:21:40","modified_gmt":"2022-10-03T12:21:40","slug":"dia-maritimo-mundial-destaca-novas-tecnologias-para-um-transporte-maritimo-mais-sustentavel","status":"publish","type":"post","link":"https:\/\/www.sincomam.org.br\/index.php\/dia-maritimo-mundial-destaca-novas-tecnologias-para-um-transporte-maritimo-mais-sustentavel\/","title":{"rendered":"Dia Mar\u00edtimo Mundial destaca novas tecnologias para um transporte mar\u00edtimo mais sustent\u00e1vel"},"content":{"rendered":"<p>Nesta quinta-feira, 29 de setembro, o mundo celebrou os 44 anos de cria\u00e7\u00e3o do Dia Mar\u00edtimo Mundial, uma iniciativa da Organiza\u00e7\u00e3o Mar\u00edtima Internacional (IMO) endossada pelos seus 175 Estados-membros, dentre eles, o Brasil. A data visa enaltecer a atividade mar\u00edtima como imprescind\u00edvel para a manuten\u00e7\u00e3o da economia e do com\u00e9rcio global.<\/p>\n<p>Nos \u00faltimos anos, a IMO vem estabelecendo diversas mudan\u00e7as regulat\u00f3rias, a fim de minimizar a polui\u00e7\u00e3o gerada pelo transporte mar\u00edtimo, atividade crucial para a economia mundial, por movimentar cerca de 90% das cargas comercializadas por todos os pa\u00edses, mas que, atualmente, \u00e9 respons\u00e1vel por cerca de 3% das emiss\u00f5es globais de gases do efeito estufa.<\/p>\n<p>Face \u00e0 import\u00e2ncia do assunto em quest\u00e3o, o Conselho da IMO endossou para este ano o tema \u201cNovas tecnologias para um transporte mar\u00edtimo mais sustent\u00e1vel\u201d, que foi proposto para nortear as comemora\u00e7\u00f5es da data.<\/p>\n<p>A tem\u00e1tica incentiva a reflex\u00e3o quanto \u00e0 necessidade de se apoiar uma transi\u00e7\u00e3o energ\u00e9tica do setor mar\u00edtimo para um futuro ecologicamente comprometido, contribuindo para se fazer frente aos desafios oce\u00e2nicos e ambientais mais prementes: as mudan\u00e7as clim\u00e1ticas, o lixo marinho e a preserva\u00e7\u00e3o da biodiversidade marinha.<\/p>\n<p><strong>Comemora\u00e7\u00e3o do Dia Mar\u00edtimo Mundial no Brasil<\/strong><br \/>\nA data \u00e9 tamb\u00e9m uma oportunidade para homenagear profissionais que dedicam suas vidas \u00e0 manuten\u00e7\u00e3o do com\u00e9rcio mar\u00edtimo e fazem a diferen\u00e7a na relevante profiss\u00e3o voltada ao mar. Neste ano, a cerim\u00f4nia realizada no Centro de Instru\u00e7\u00e3o Almirante Gra\u00e7a Aranha (CIAGA), localizado na cidade do Rio de Janeiro (RJ), condecorou aquavi\u00e1rios e organiza\u00e7\u00f5es militares.<\/p>\n<p>\u201cN\u00f3s aproveitamos essa ocasi\u00e3o para homenagear todos os Mar\u00edtimos da nossa Marinha Mercante brasileira, sejam Oficiais ou Subalternos, sejam de N\u00e1utica ou de M\u00e1quinas. Nesse dia, rendemos homenagem a uma profiss\u00e3o extremamente rigorosa e exigente. Eles d\u00e3o uma contribui\u00e7\u00e3o extraordin\u00e1ria para movimenta\u00e7\u00e3o de cargas, permitindo que o Pa\u00eds prospere e que a economia v\u00e1 para frente\u201d, destacou o Diretor de Portos e Costas.<\/p>\n<p>Para prestigiar os Mar\u00edtimos na categoria de oficiais de conv\u00e9s de maior gradua\u00e7\u00e3o, a Diretoria de Portos e Costas (DPC) agraciou, durante a cerim\u00f4nia, o Capit\u00e3o de Longo Curso Emanuel Brasil Dias Guerreiro, atual Comandante do NM \u201cVicente Pinzon\u201d, da Empresa Alian\u00e7a, com o Distintivo de Comodoro. \u201cMe sinto muito honrado, s\u00e3o 47 anos de vida dedicados ao mar e ao transporte de mercadorias pelo mundo todo\u201d, ressaltou.<\/p>\n<p>Na oportunidade, 45 aquavi\u00e1rios da Marinha Mercante receberam a medalha \u201cM\u00e9rito Mar\u00edtimo\u201d. O Diretor-Geral de Navega\u00e7\u00e3o, Almirante de Esquadra Wladmilson Borges de Aguiar, realizou a entrega das medalhas e destacou a import\u00e2ncia do dia: \u201cUm pa\u00eds forte tem que ter tamb\u00e9m uma Marinha Mercante e uma Marinha de Guerra forte para poder constituir um Poder Mar\u00edtimo s\u00f3lido para nossa na\u00e7\u00e3o. A Marinha Mercante sustenta o com\u00e9rcio exterior com cerca de 95% das nossas exporta\u00e7\u00f5es e isso \u00e9 fundamental para o desenvolvimento do Pa\u00eds. Eu sempre falo que o futuro do Brasil est\u00e1 no mar\u201d.<\/p>\n<p><strong>Pr\u00eamio Almirante Ibsen de Gusm\u00e3o C\u00e2mara<\/strong><br \/>\nDurante a cerim\u00f4nia foi entregue, pela primeira vez, o Pr\u00eamio \u201cAlmirante Ibsen de Gusm\u00e3o C\u00e2mara\u201d, concedido \u00e0s Organiza\u00e7\u00f5es Militares de terra da Marinha do Brasil com excel\u00eancia em gest\u00e3o ambiental. A premia\u00e7\u00e3o \u00e9 feita apenas para aqueles que obtenham um valor igual ou maior a 90% nos crit\u00e9rios t\u00e9cnicos de Desempenho de Conformidade Ambiental (DCA). A Base Naval de Natal alcan\u00e7ou um resultado final de DCA de 92,8% e foi a premiada, destacando-se por medidas que reduzem o impacto ambiental.<\/p>\n<p>\u201cForam algumas a\u00e7\u00f5es importantes implementadas que j\u00e1 v\u00eam de alguns anos. Eu destaco a revitaliza\u00e7\u00e3o do sistema de esgoto de toda a parte alta do complexo naval e tamb\u00e9m um controle mais rigoroso do manejo dos dejetos de todo o complexo\u201d, disse o Capit\u00e3o de Mar e Guerra Andr\u00e9 Medeiros, Comandante da Base Naval de Natal.<\/p>\n<p>Tamb\u00e9m foi entregue o Pr\u00eamio DPC de Qualidade \u00e0 Capitania dos Portos de S\u00e3o Paulo. O pr\u00eamio \u00e9 destinado \u00e0 Capitania, Delegacia e Ag\u00eancia que obtiveram o melhor \u00edndice de desempenho nos servi\u00e7os prestados \u00e0 comunidade mar\u00edtima.<\/p>\n<p>\u201cA Capitania realizou ao longo do ano de 2021 um minucioso mapeamento de processos, uma gest\u00e3o de conhecimento de excel\u00eancia que possibilitou diversas a\u00e7\u00f5es em prol da seguran\u00e7a do tr\u00e1fego aquavi\u00e1rio e em prol do atendimento ao p\u00fablico\u201d, detalhou o Capit\u00e3o dos Portos de S\u00e3o Paulo, Capit\u00e3o de Mar e Guerra Robledo de Lemos Costa.<\/p>\n<p><strong>Ilumina\u00e7\u00e3o Azul<\/strong><br \/>\nDiversas Organiza\u00e7\u00f5es Militares da Marinha do Brasil ficaram iluminadas de azul ontem (29) em homenagem ao Dia Mar\u00edtimo Mundial. A a\u00e7\u00e3o teve tamb\u00e9m o prop\u00f3sito de refor\u00e7ar a import\u00e2ncia das ind\u00fastrias mar\u00edtimas no com\u00e9rcio internacional e promover a seguran\u00e7a da navega\u00e7\u00e3o e a conscientiza\u00e7\u00e3o em prol do desenvolvimento sustent\u00e1vel.<\/p>\n<p>Fonte: Defesa em Foco<\/p>\n","protected":false},"excerpt":{"rendered":"<p>Nesta quinta-feira, 29 de setembro, o mundo celebrou os 44 anos de cria\u00e7\u00e3o do Dia Mar\u00edtimo Mundial, uma iniciativa da Organiza\u00e7\u00e3o Mar\u00edtima Internacional (IMO) endossada&#8230;<\/p>\n","protected":false},"author":1527,"featured_media":41691,"comment_status":"closed","ping_status":"closed","sticky":false,"template":"","format":"standard","meta":{"footnotes":""},"categories":[6],"tags":[],"class_list":["post-41690","post","type-post","status-publish","format-standard","has-post-thumbnail","hentry","category-noticias"],"_links":{"self":[{"href":"https:\/\/www.sincomam.org.br\/index.php\/wp-json\/wp\/v2\/posts\/41690","targetHints":{"allow":["GET"]}}],"collection":[{"href":"https:\/\/www.sincomam.org.br\/index.php\/wp-json\/wp\/v2\/posts"}],"about":[{"href":"https:\/\/www.sincomam.org.br\/index.php\/wp-json\/wp\/v2\/types\/post"}],"author":[{"embeddable":true,"href":"https:\/\/www.sincomam.org.br\/index.php\/wp-json\/wp\/v2\/users\/1527"}],"replies":[{"embeddable":true,"href":"https:\/\/www.sincomam.org.br\/index.php\/wp-json\/wp\/v2\/comments?post=41690"}],"version-history":[{"count":3,"href":"https:\/\/www.sincomam.org.br\/index.php\/wp-json\/wp\/v2\/posts\/41690\/revisions"}],"predecessor-version":[{"id":41701,"href":"https:\/\/www.sincomam.org.br\/index.php\/wp-json\/wp\/v2\/posts\/41690\/revisions\/41701"}],"wp:featuredmedia":[{"embeddable":true,"href":"https:\/\/www.sincomam.org.br\/index.php\/wp-json\/wp\/v2\/media\/41691"}],"wp:attachment":[{"href":"https:\/\/www.sincomam.org.br\/index.php\/wp-json\/wp\/v2\/media?parent=41690"}],"wp:term":[{"taxonomy":"category","embeddable":true,"href":"https:\/\/www.sincomam.org.br\/index.php\/wp-json\/wp\/v2\/categories?post=41690"},{"taxonomy":"post_tag","embeddable":true,"href":"https:\/\/www.sincomam.org.br\/index.php\/wp-json\/wp\/v2\/tags?post=41690"}],"curies":[{"name":"wp","href":"https:\/\/api.w.org\/{rel}","templated":true}]}}