{"id":41676,"date":"2022-09-30T12:43:41","date_gmt":"2022-09-30T15:43:41","guid":{"rendered":"http:\/\/www.sincomam.org.br\/?p=41676"},"modified":"2022-09-30T12:43:56","modified_gmt":"2022-09-30T15:43:56","slug":"marinha-realiza-curso-de-formacao-de-aquaviarios-em-fartura","status":"publish","type":"post","link":"https:\/\/www.sincomam.org.br\/index.php\/marinha-realiza-curso-de-formacao-de-aquaviarios-em-fartura\/","title":{"rendered":"Marinha realiza curso de forma\u00e7\u00e3o de aquavi\u00e1rios em Fartura"},"content":{"rendered":"<p>Em continuidade ao Programa de Ensino Profissional Mar\u00edtimo (PREPOM-2022), a Marinha do Brasil, por meio da Capitania Fluvial do Tiet\u00ea-Paran\u00e1 (CFTP), realizar\u00e1 em\u00a0<strong>Fartura<\/strong>, de 07 a 11 de novembro, o Curso de Forma\u00e7\u00e3o de Aquavi\u00e1rios \u2013 N\u00edvel 1 (CFAQ-MAF\/MMA), destinado a habilitar os novos aquavi\u00e1rios a tripularem embarca\u00e7\u00f5es de atividade profissional.<\/p>\n<p>O curso \u00e9 para as categorias marinheiro fluvial auxiliar de conv\u00e9s e marinheiro fluvial auxiliar de m\u00e1quinas, sendo realizado no per\u00edodo noturno. Estar\u00e3o dispon\u00edveis 30 vagas, que visam a atender \u00e0 comunidade n\u00e1utica na regi\u00e3o de Fartura, por\u00e9m n\u00e3o possibilita a ascens\u00e3o para os n\u00edveis superiores da carreira e n\u00e3o assegura vaga de emprego na Marinha Mercante.<\/p>\n<p>As aulas pr\u00e1ticas ser\u00e3o realizadas em per\u00edodo diurno. O curso destina-se a brasileiras e brasileiros maiores de 18 anos.<\/p>\n<p>Mais informa\u00e7\u00f5es est\u00e3o dispon\u00edveis no edital do Processo Seletivo publicado no Di\u00e1rio Oficial do Munic\u00edpio em 20\/09\/2022,\u00a0<a href=\"https:\/\/www.fartura.sp.gov.br\/diario-oficial-eletronico\/ler\/prepara-pdf\/515\" target=\"_blank\" rel=\"noreferrer noopener\">https:\/\/www.fartura.sp.gov.br\/diario-oficial-eletronico\/ler\/prepara-pdf\/515<\/a>\u00a0e tamb\u00e9m podem ser obtidas na Coordenadoria Municipal de Turismo, de\u00a0segunda-feira a sexta-feira em hor\u00e1rio comercia, \u00e0\u00a0Rua Flor de Lis, 38, Parque das Flores ou pelo telefone\/whatsapp\u00a0(14) 9.9889-1036.<\/p>\n<p>As inscri\u00e7\u00f5es devem ser feitas at\u00e9 10 de outubro, na Coordenadoria Municipal de Turismo, localizada na Rua Flor de Lis, 38 \u2013 Parque das Flores, com a colaboradora Mirela Cunha, de segunda a sexta-feira das 15h \u00e0s 16h.<\/p>\n<p>Fonte: Portal014<\/p>\n","protected":false},"excerpt":{"rendered":"<p>Em continuidade ao Programa de Ensino Profissional Mar\u00edtimo (PREPOM-2022), a Marinha do Brasil, por meio da Capitania Fluvial do Tiet\u00ea-Paran\u00e1 (CFTP), realizar\u00e1 em\u00a0Fartura, de 07&#8230;<\/p>\n","protected":false},"author":1527,"featured_media":41677,"comment_status":"closed","ping_status":"closed","sticky":false,"template":"","format":"standard","meta":{"footnotes":""},"categories":[6],"tags":[],"class_list":["post-41676","post","type-post","status-publish","format-standard","has-post-thumbnail","hentry","category-noticias"],"_links":{"self":[{"href":"https:\/\/www.sincomam.org.br\/index.php\/wp-json\/wp\/v2\/posts\/41676","targetHints":{"allow":["GET"]}}],"collection":[{"href":"https:\/\/www.sincomam.org.br\/index.php\/wp-json\/wp\/v2\/posts"}],"about":[{"href":"https:\/\/www.sincomam.org.br\/index.php\/wp-json\/wp\/v2\/types\/post"}],"author":[{"embeddable":true,"href":"https:\/\/www.sincomam.org.br\/index.php\/wp-json\/wp\/v2\/users\/1527"}],"replies":[{"embeddable":true,"href":"https:\/\/www.sincomam.org.br\/index.php\/wp-json\/wp\/v2\/comments?post=41676"}],"version-history":[{"count":1,"href":"https:\/\/www.sincomam.org.br\/index.php\/wp-json\/wp\/v2\/posts\/41676\/revisions"}],"predecessor-version":[{"id":41678,"href":"https:\/\/www.sincomam.org.br\/index.php\/wp-json\/wp\/v2\/posts\/41676\/revisions\/41678"}],"wp:featuredmedia":[{"embeddable":true,"href":"https:\/\/www.sincomam.org.br\/index.php\/wp-json\/wp\/v2\/media\/41677"}],"wp:attachment":[{"href":"https:\/\/www.sincomam.org.br\/index.php\/wp-json\/wp\/v2\/media?parent=41676"}],"wp:term":[{"taxonomy":"category","embeddable":true,"href":"https:\/\/www.sincomam.org.br\/index.php\/wp-json\/wp\/v2\/categories?post=41676"},{"taxonomy":"post_tag","embeddable":true,"href":"https:\/\/www.sincomam.org.br\/index.php\/wp-json\/wp\/v2\/tags?post=41676"}],"curies":[{"name":"wp","href":"https:\/\/api.w.org\/{rel}","templated":true}]}}