{"id":41668,"date":"2022-09-30T11:17:50","date_gmt":"2022-09-30T14:17:50","guid":{"rendered":"http:\/\/www.sincomam.org.br\/?p=41668"},"modified":"2022-09-30T11:17:50","modified_gmt":"2022-09-30T14:17:50","slug":"anvisa-flexibiliza-regras-de-embarque-em-navios-de-cruzeiro","status":"publish","type":"post","link":"https:\/\/www.sincomam.org.br\/index.php\/anvisa-flexibiliza-regras-de-embarque-em-navios-de-cruzeiro\/","title":{"rendered":"Anvisa flexibiliza regras de embarque em navios de cruzeiro"},"content":{"rendered":"<p>A Ag\u00eancia Nacional de Vigil\u00e2ncia Sanit\u00e1ria (Anvisa) decidiu rever as regras para embarque, desembarque e transporte de viajantes em navios de cruzeiro vigentes desde o surgimento da pandemia de covid-19. A queda do n\u00famero de casos e mortes pela doen\u00e7a no Brasil motivou a revis\u00e3o.<img decoding=\"async\" src=\"https:\/\/agenciabrasil.ebc.com.br\/ebc.png?id=1485203&amp;o=node\" \/><img decoding=\"async\" src=\"https:\/\/agenciabrasil.ebc.com.br\/ebc.gif?id=1485203&amp;o=node\" \/><\/p>\n<p>N\u00e3o haver\u00e1 mais, por exemplo, monitoramento constante da situa\u00e7\u00e3o de sa\u00fade dos viajantes a bordo, com testagem di\u00e1ria dos passageiros e tripulantes. O uso de m\u00e1scara s\u00f3 continua obrigat\u00f3rio em situa\u00e7\u00f5es espec\u00edficas, como nos casos de pessoas que tiveram contato com quem suspeita que est\u00e1 doente ou confirmou ter o v\u00edrus, e no caso de quarentena na embarca\u00e7\u00e3o, quando todos os ocupantes dever\u00e3o usar m\u00e1scara.<\/p>\n<p>As embarca\u00e7\u00f5es ainda precisam manter o monitoramento de casos a bordo e ter planos de preven\u00e7\u00e3o e resposta \u00e0 covid-19, mas esse plano n\u00e3o ser\u00e1 mais avaliado pela ag\u00eancia antes do in\u00edcio das opera\u00e7\u00f5es, e sim durante as inspe\u00e7\u00f5es. O controle sanit\u00e1rio do embarque passa a aceitar, para admiss\u00e3o de passageiros e tripulantes no navio, o esquema vacinal prim\u00e1rio completo ou teste negativo para covid-19. At\u00e9 ent\u00e3o, a vacina\u00e7\u00e3o era obrigat\u00f3ria, n\u00e3o podendo ser substitu\u00edda pela apresenta\u00e7\u00e3o de teste.<\/p>\n<p>A Anvisa tamb\u00e9m revogou a proibi\u00e7\u00e3o de eventos coletivos nos terminais, de opera\u00e7\u00f5es simult\u00e2neas no mesmo terminal, e a obrigatoriedade de vacina\u00e7\u00e3o completa aos trabalhadores dos terminais. Tamb\u00e9m foi revogado o limite de 75% de ocupa\u00e7\u00e3o da embarca\u00e7\u00e3o. Uma novidade trazida pela nova resolu\u00e7\u00e3o \u00e9 de que as embarca\u00e7\u00f5es vindas do exterior somente poder\u00e3o entrar em portos brasileiros designados pela Organiza\u00e7\u00e3o Mundial da Sa\u00fade, de modo a garantir que haja equipe de fiscaliza\u00e7\u00e3o da Anvisa nesses pontos de entrada.<\/p>\n<p>Nessa \u00faltima decis\u00e3o, a Anvisa manteve a obrigatoriedade de atendimento m\u00e9dico gratuito a bordo para casos suspeitos, a testagem de casos suspeitos e contatos pr\u00f3ximos, a necessidade de isolamento para casos suspeitos a bordo, al\u00e9m da exist\u00eancia de um plano de preven\u00e7\u00e3o e resposta \u00e0 covid 19 a bordo. As embarca\u00e7\u00f5es dever\u00e3o assegurar reserva m\u00ednima de 2% de cabines para isolamento de casos confirmados e suspeitos.<\/p>\n<p>A decis\u00e3o da diretoria da Anvisa, proferida em reuni\u00e3o extraordin\u00e1ria ocorrida no fim da tarde de hoje (29), levou em considera\u00e7\u00e3o a queda no n\u00famero de casos e mortes por covid-19 no Brasil. Durante a reuni\u00e3o, o diretor relator, Daniel Fernandes Pereira, destacou em seu voto a redu\u00e7\u00e3o de 33% no n\u00famero de casos novos em rela\u00e7\u00e3o a agosto. A m\u00e9dia m\u00f3vel no mesmo per\u00edodo tamb\u00e9m segue em tend\u00eancia de queda, ainda que menos expressiva, de 4%.<\/p>\n<p>\u201cConsiderando a evolu\u00e7\u00e3o do cen\u00e1rio epidemiol\u00f3gico, o avan\u00e7o da vacina\u00e7\u00e3o no Brasil e no mundo, o acompanhamento das opera\u00e7\u00f5es nas embarca\u00e7\u00f5es durante dois meses de opera\u00e7\u00f5es de cruzeiro nas temporadas 2021\/2022, fez-se necess\u00e1rio reavaliar os requisitos para embarque e desembarque e transporte de viajantes em embarca\u00e7\u00f5es que circular\u00e3o pelo Brasil na temporada de navios de cruzeiros 2022\/2023, de modo a manter a proporcionalidade e a efic\u00e1cia das medidas frente ao risco sanit\u00e1rio atual\u201d, disse o relator da resolu\u00e7\u00e3o aprovada hoje.<\/p>\n<p>Fonte: Ag\u00eancia Brasil<\/p>\n","protected":false},"excerpt":{"rendered":"<p>A Ag\u00eancia Nacional de Vigil\u00e2ncia Sanit\u00e1ria (Anvisa) decidiu rever as regras para embarque, desembarque e transporte de viajantes em navios de cruzeiro vigentes desde o&#8230;<\/p>\n","protected":false},"author":1527,"featured_media":41669,"comment_status":"closed","ping_status":"closed","sticky":false,"template":"","format":"standard","meta":{"footnotes":""},"categories":[6],"tags":[],"class_list":["post-41668","post","type-post","status-publish","format-standard","has-post-thumbnail","hentry","category-noticias"],"_links":{"self":[{"href":"https:\/\/www.sincomam.org.br\/index.php\/wp-json\/wp\/v2\/posts\/41668","targetHints":{"allow":["GET"]}}],"collection":[{"href":"https:\/\/www.sincomam.org.br\/index.php\/wp-json\/wp\/v2\/posts"}],"about":[{"href":"https:\/\/www.sincomam.org.br\/index.php\/wp-json\/wp\/v2\/types\/post"}],"author":[{"embeddable":true,"href":"https:\/\/www.sincomam.org.br\/index.php\/wp-json\/wp\/v2\/users\/1527"}],"replies":[{"embeddable":true,"href":"https:\/\/www.sincomam.org.br\/index.php\/wp-json\/wp\/v2\/comments?post=41668"}],"version-history":[{"count":1,"href":"https:\/\/www.sincomam.org.br\/index.php\/wp-json\/wp\/v2\/posts\/41668\/revisions"}],"predecessor-version":[{"id":41670,"href":"https:\/\/www.sincomam.org.br\/index.php\/wp-json\/wp\/v2\/posts\/41668\/revisions\/41670"}],"wp:featuredmedia":[{"embeddable":true,"href":"https:\/\/www.sincomam.org.br\/index.php\/wp-json\/wp\/v2\/media\/41669"}],"wp:attachment":[{"href":"https:\/\/www.sincomam.org.br\/index.php\/wp-json\/wp\/v2\/media?parent=41668"}],"wp:term":[{"taxonomy":"category","embeddable":true,"href":"https:\/\/www.sincomam.org.br\/index.php\/wp-json\/wp\/v2\/categories?post=41668"},{"taxonomy":"post_tag","embeddable":true,"href":"https:\/\/www.sincomam.org.br\/index.php\/wp-json\/wp\/v2\/tags?post=41668"}],"curies":[{"name":"wp","href":"https:\/\/api.w.org\/{rel}","templated":true}]}}