{"id":41618,"date":"2022-09-29T07:17:33","date_gmt":"2022-09-29T10:17:33","guid":{"rendered":"http:\/\/www.sincomam.org.br\/?p=41618"},"modified":"2022-09-28T23:19:41","modified_gmt":"2022-09-29T02:19:41","slug":"conteineres-cheios-crescem-3-em-agosto-em-itajai-e-navegantes","status":"publish","type":"post","link":"https:\/\/www.sincomam.org.br\/index.php\/conteineres-cheios-crescem-3-em-agosto-em-itajai-e-navegantes\/","title":{"rendered":"Cont\u00eaineres cheios crescem 3% em agosto em Itaja\u00ed e Navegantes"},"content":{"rendered":"<p>O Complexo Portu\u00e1rio de Itaja\u00ed e Navegantes alcan\u00e7ou durante o m\u00eas de agosto uma movimenta\u00e7\u00e3o de 1.589.556 toneladas em 85 escalas, totalizando a movimenta\u00e7\u00e3o anual para 646 escalas com 11.457.703 toneladas.<\/p>\n<p>Os cont\u00eaineres cheios tiveram crescimento de 3%, em compara\u00e7\u00e3o ao mesmo per\u00edodo do ano anterior, totalizando 1.470.384 contra 1.420.702 toneladas.<\/p>\n<p>No segmento de cargas cont\u00eainerizadas nos recintos APMT e Cais P\u00fablico, durante o m\u00eas de agosto, foram registrados 36.283 TEUs e 378.395 toneladas. No acumulado do ano, a movimenta\u00e7\u00e3o soma 245.281 TEUs com 2.939.275 toneladas.<\/p>\n<p>Na movimenta\u00e7\u00e3o de cont\u00eaineres cheios de exporta\u00e7\u00e3o, a APM Terminals e Cais P\u00fablico registraram 7.065 TEUs. A importa\u00e7\u00e3o foi respons\u00e1vel por 7.774 TEUs. Ao longo do m\u00eas de agosto, a soma total de exporta\u00e7\u00e3o e importa\u00e7\u00e3o foi de 14.839 TEUs.<\/p>\n<p>A Portonave registrou durante o m\u00eas de agosto 53 atraca\u00e7\u00f5es com a movimenta\u00e7\u00e3o de 80.830 TEUs e 1.132.786 toneladas. As movimenta\u00e7\u00f5es no terminal da Braskarne no per\u00edodo somaram 4 escalas e 21.238 toneladas. O Terminal Barra do Rio registrou 3 escalas com 11.949 toneladas. O Teporti registrou uma escala com 8.467 toneladas e a Poly Terminals teve uma escala, com 5.000 toneladas.<\/p>\n<p>No m\u00eas de agosto, atracaram no Complexo Portu\u00e1rio de Itaja\u00ed e Navegantes 85 navios, sendo 51 atraca\u00e7\u00f5es com giro na bacia 01 e 27 na bacia 02.<\/p>\n<p>Fonte: Portos e Navios<\/p>\n","protected":false},"excerpt":{"rendered":"<p>O Complexo Portu\u00e1rio de Itaja\u00ed e Navegantes alcan\u00e7ou durante o m\u00eas de agosto uma movimenta\u00e7\u00e3o de 1.589.556 toneladas em 85 escalas, totalizando a movimenta\u00e7\u00e3o anual&#8230;<\/p>\n","protected":false},"author":1527,"featured_media":41619,"comment_status":"closed","ping_status":"closed","sticky":false,"template":"","format":"standard","meta":{"footnotes":""},"categories":[6],"tags":[],"class_list":["post-41618","post","type-post","status-publish","format-standard","has-post-thumbnail","hentry","category-noticias"],"_links":{"self":[{"href":"https:\/\/www.sincomam.org.br\/index.php\/wp-json\/wp\/v2\/posts\/41618","targetHints":{"allow":["GET"]}}],"collection":[{"href":"https:\/\/www.sincomam.org.br\/index.php\/wp-json\/wp\/v2\/posts"}],"about":[{"href":"https:\/\/www.sincomam.org.br\/index.php\/wp-json\/wp\/v2\/types\/post"}],"author":[{"embeddable":true,"href":"https:\/\/www.sincomam.org.br\/index.php\/wp-json\/wp\/v2\/users\/1527"}],"replies":[{"embeddable":true,"href":"https:\/\/www.sincomam.org.br\/index.php\/wp-json\/wp\/v2\/comments?post=41618"}],"version-history":[{"count":1,"href":"https:\/\/www.sincomam.org.br\/index.php\/wp-json\/wp\/v2\/posts\/41618\/revisions"}],"predecessor-version":[{"id":41620,"href":"https:\/\/www.sincomam.org.br\/index.php\/wp-json\/wp\/v2\/posts\/41618\/revisions\/41620"}],"wp:featuredmedia":[{"embeddable":true,"href":"https:\/\/www.sincomam.org.br\/index.php\/wp-json\/wp\/v2\/media\/41619"}],"wp:attachment":[{"href":"https:\/\/www.sincomam.org.br\/index.php\/wp-json\/wp\/v2\/media?parent=41618"}],"wp:term":[{"taxonomy":"category","embeddable":true,"href":"https:\/\/www.sincomam.org.br\/index.php\/wp-json\/wp\/v2\/categories?post=41618"},{"taxonomy":"post_tag","embeddable":true,"href":"https:\/\/www.sincomam.org.br\/index.php\/wp-json\/wp\/v2\/tags?post=41618"}],"curies":[{"name":"wp","href":"https:\/\/api.w.org\/{rel}","templated":true}]}}