{"id":41615,"date":"2022-09-28T11:36:37","date_gmt":"2022-09-28T14:36:37","guid":{"rendered":"http:\/\/www.sincomam.org.br\/?p=41615"},"modified":"2022-09-28T11:36:37","modified_gmt":"2022-09-28T14:36:37","slug":"segmento-naval-ganha-nova-feira","status":"publish","type":"post","link":"https:\/\/www.sincomam.org.br\/index.php\/segmento-naval-ganha-nova-feira\/","title":{"rendered":"SEGMENTO NAVAL GANHA NOVA FEIRA"},"content":{"rendered":"<p>O mercado naval brasileiro acaba de ganhar mais um importante evento em seu calend\u00e1rio: a Navall Show Brasil \u2013 Feira &amp; F\u00f3rum \u2013 www.navallshow.com (07 e 08 de novembro de 2023). Focada no ecossistema mar\u00edtimo, a primeira edi\u00e7\u00e3o da feira ser\u00e1 lan\u00e7ada oficialmente em setembro.<\/p>\n<div id=\"quads-ad1\" class=\"quads-location quads-ad1\">\n<p>Na esteira da incorpora\u00e7\u00e3o do submarino S40 Riachuelo ao Setor Operativo da Marinha do Brasil, em 1\u00ba de setembro, que contar\u00e1 com Cerim\u00f4nia de Mostra de Armamento \u2013 evento tradicionalmente realizado quando uma embarca\u00e7\u00e3o entra em opera\u00e7\u00e3o \u2013 a Navall Show Brasil chega para impulsionar a ind\u00fastria naval brasileira.<\/p>\n<p>Destinado a empres\u00e1rios, executivos, profissionais de portos, estaleiros e entidades ligadas \u00e0 engenharia naval e tecnologia mar\u00edtima, For\u00e7as Armadas, setor de seguran\u00e7a, lazer, pesca, bem como autoridades e formadores de opini\u00e3o, o evento ser\u00e1 um importante hub de neg\u00f3cios para a economia do mar.<\/p>\n<p>Composta por feira e f\u00f3rum, a Navall Show Brasil ser\u00e1 promover\u00e1 novos neg\u00f3cios, networking e compartilhamento de conhecimento sobre o potencial e a capacidade tecnol\u00f3gica do setor.<\/p>\n<p>\u201cQuest\u00f5es como constru\u00e7\u00e3o naval, infraestrutura e log\u00edstica portu\u00e1ria, transporte de cargas e passageiros, cabotagem, pesca, lazer e turismo, assim como a sustentabilidade e os impactos futuros no mar estar\u00e3o na pauta\u201d, revela Paulo Albuquerque, idealizador do evento e diretor da AC Solu\u00e7\u00f5es, empresa respons\u00e1vel pela organiza\u00e7\u00e3o.<\/p>\n<p>\u201cAl\u00e9m de gerar novos neg\u00f3cios e receita, a meta da Navall Show Brasil \u00e9 fortalecer e gerar visibilidade para a economia do mar e toda a sua cadeira produtiva\u201d, acrescenta o executivo.<\/p>\n<h2>Mercado em expans\u00e3o<\/h2>\n<p>Com 90% do com\u00e9rcio exterior realizado por vias mar\u00edtimas, o segmento n\u00e3o p\u00e1ra de crescer e deve triplicar at\u00e9 2050. De acordo com estimativas da OCDE (Organiza\u00e7\u00e3o para a Coopera\u00e7\u00e3o e Desenvolvimento Econ\u00f4mico), o ecossistema mar\u00edtimo ter\u00e1 at\u00e9 2030 um incremento da ordem de US$ 3 trilh\u00f5es, com a gera\u00e7\u00e3o de mais de 40 milh\u00f5es de empregos diretos.<\/p>\n<p>Al\u00e9m disso, de acordo com estimativas, o desenvolvimento de novos projetos e a aprova\u00e7\u00e3o de propostas apresentadas para o setor naval brasileiro injetar\u00e3o mais de R$ 1 bilh\u00e3o em investimentos para constru\u00e7\u00e3o, reparo, convers\u00e3o ou moderniza\u00e7\u00e3o de embarca\u00e7\u00f5es.<\/p>\n<p>\u201cTemos um potencial de crescimento gigantesco para o mercado naval, mas faltava um local de converg\u00eancia entre todos os players\u201d, explica Albuquerque, que acrescenta: \u201ccom o lan\u00e7amento da feira e f\u00f3rum, nossa meta \u00e9 suprir essa demanda\u201d.<\/p>\n<p>Ao reunir todos os nichos do mercado em um \u00fanico local, Albuquerque espera ampliar as oportunidades para fomentar novos neg\u00f3cios, promover o networking e a dissemina\u00e7\u00e3o de conhecimento. \u201cNossa expectativa \u00e9 agregar todos os integrantes da cadeira produtiva e promover a gera\u00e7\u00e3o de leads\u201d, enfatiza Albuquerque.<\/p>\n<h2>Neg\u00f3cios e conhecimento<\/h2>\n<p>A Navall Show Brasil contar\u00e1 com mais de 80 expositores e p\u00fablico estimado de dois mil visitantes qualificados que encontrar\u00e3o no evento solu\u00e7\u00f5es para constru\u00e7\u00e3o naval, infraestrutura e log\u00edstica portu\u00e1ria, transporte de carga e passageiros, cabotagem, pesca, lazer e turismo.<\/p>\n<p>\u201cAl\u00e9m de solu\u00e7\u00f5es e servi\u00e7os tamb\u00e9m estimularemos o compartilhamento de informa\u00e7\u00f5es relevantes em pain\u00e9is tem\u00e1ticos com a participa\u00e7\u00e3o de autoridades e expoentes do setor\u201d, revela o executivo.<\/p>\n<p>Fonte: Click Petr\u00f3leo e G\u00e1s<\/p>\n<\/div>\n","protected":false},"excerpt":{"rendered":"<p>O mercado naval brasileiro acaba de ganhar mais um importante evento em seu calend\u00e1rio: a Navall Show Brasil \u2013 Feira &amp; F\u00f3rum \u2013 www.navallshow.com (07&#8230;<\/p>\n","protected":false},"author":1527,"featured_media":41616,"comment_status":"closed","ping_status":"closed","sticky":false,"template":"","format":"standard","meta":{"footnotes":""},"categories":[6],"tags":[],"class_list":["post-41615","post","type-post","status-publish","format-standard","has-post-thumbnail","hentry","category-noticias"],"_links":{"self":[{"href":"https:\/\/www.sincomam.org.br\/index.php\/wp-json\/wp\/v2\/posts\/41615","targetHints":{"allow":["GET"]}}],"collection":[{"href":"https:\/\/www.sincomam.org.br\/index.php\/wp-json\/wp\/v2\/posts"}],"about":[{"href":"https:\/\/www.sincomam.org.br\/index.php\/wp-json\/wp\/v2\/types\/post"}],"author":[{"embeddable":true,"href":"https:\/\/www.sincomam.org.br\/index.php\/wp-json\/wp\/v2\/users\/1527"}],"replies":[{"embeddable":true,"href":"https:\/\/www.sincomam.org.br\/index.php\/wp-json\/wp\/v2\/comments?post=41615"}],"version-history":[{"count":1,"href":"https:\/\/www.sincomam.org.br\/index.php\/wp-json\/wp\/v2\/posts\/41615\/revisions"}],"predecessor-version":[{"id":41617,"href":"https:\/\/www.sincomam.org.br\/index.php\/wp-json\/wp\/v2\/posts\/41615\/revisions\/41617"}],"wp:featuredmedia":[{"embeddable":true,"href":"https:\/\/www.sincomam.org.br\/index.php\/wp-json\/wp\/v2\/media\/41616"}],"wp:attachment":[{"href":"https:\/\/www.sincomam.org.br\/index.php\/wp-json\/wp\/v2\/media?parent=41615"}],"wp:term":[{"taxonomy":"category","embeddable":true,"href":"https:\/\/www.sincomam.org.br\/index.php\/wp-json\/wp\/v2\/categories?post=41615"},{"taxonomy":"post_tag","embeddable":true,"href":"https:\/\/www.sincomam.org.br\/index.php\/wp-json\/wp\/v2\/tags?post=41615"}],"curies":[{"name":"wp","href":"https:\/\/api.w.org\/{rel}","templated":true}]}}