{"id":41605,"date":"2022-09-28T10:38:47","date_gmt":"2022-09-28T13:38:47","guid":{"rendered":"http:\/\/www.sincomam.org.br\/?p=41605"},"modified":"2022-09-28T10:38:47","modified_gmt":"2022-09-28T13:38:47","slug":"projeto-do-museu-maritimo-do-brasil-e-apresentado-na-maior-feira-de-petroleo-e-gas-da-america-latina","status":"publish","type":"post","link":"https:\/\/www.sincomam.org.br\/index.php\/projeto-do-museu-maritimo-do-brasil-e-apresentado-na-maior-feira-de-petroleo-e-gas-da-america-latina\/","title":{"rendered":"Projeto do Museu Mar\u00edtimo do Brasil \u00e9 apresentado na maior feira de petr\u00f3leo e g\u00e1s da Am\u00e9rica Latina"},"content":{"rendered":"<div class=\"field field-name-body field-type-text-with-summary field-label-hidden\">\n<div class=\"field-items\">\n<div class=\"field-item even\">\n<p>A 20\u00aa edi\u00e7\u00e3o do maior evento de petr\u00f3leo e g\u00e1s da Am\u00e9rica Latina recebe, neste ano, uma apresenta\u00e7\u00e3o do futuro Museu Mar\u00edtimo do Brasil, que ficar\u00e1 localizado na cidade do Rio de Janeiro (RJ). A Diretoria do Patrim\u00f4nio Hist\u00f3rico e Documenta\u00e7\u00e3o da Marinha (DPHDM), com o apoio do Departamento Cultural do Abrigo do Marinheiro (DCAMN), participa da Rio Oil &amp; Gas, no P\u00eder Mau\u00e1, no Boulevard Ol\u00edmpico, no centro do Rio, divulgando o novo museu. O estande da DPHDM (box 2) est\u00e1 localizado na \u00e1rea externa do Armaz\u00e9m 2 e pode ser visitado at\u00e9 o dia 29 de setembro, das 12h \u00e0s 20h.<\/p>\n<p>Desde o dia 26 de setembro, empresas de diversos setores e portes participam do evento. S\u00e3o mais de 350 marcas confirmadas expondo seus produtos e servi\u00e7os. Para acessar o local \u00e9 necess\u00e1rio adquirir ingresso por meio do <a href=\"https:\/\/www.riooilgas.com.br\/\" target=\"_blank\" rel=\"noopener\">site<\/a>.<\/p>\n<p class=\"rtecenter\"><strong>Museu Mar\u00edtimo do Brasil<\/strong><br \/>\nMirando em cultura, hist\u00f3ria, cidadania, acessibilidade, inclus\u00e3o e sustentabilidade, o Museu Mar\u00edtimo do Brasil almeja oferecer ao p\u00fablico um entretenimento de qualidade, integrando a cidade e o mar. Em um di\u00e1logo harm\u00f4nico com o patrim\u00f4nio cultural, natural e urbano da regi\u00e3o, o museu ser\u00e1 erguido no Espa\u00e7o Cultural da Marinha, no Rio de Janeiro, reafirmando a voca\u00e7\u00e3o do centro da cidade para a cultura e o entretenimento. Sua cria\u00e7\u00e3o dar\u00e1 maior visibilidade \u00e0 hist\u00f3ria mar\u00edtima, intrinsecamente ligada \u00e0 forma\u00e7\u00e3o do Pa\u00eds e ao Poder Naval, circunscrevendo a brasilidade como identidade, al\u00e9m de usar a multidisciplinaridade para estimular o desenvolvimento da mentalidade mar\u00edtima na sociedade.<\/p>\n<p>Segundo o Diretor da DPHDM, Vice-Almirante Jos\u00e9 Carlos Mathias, o museu \u00e9 motivo de grande satisfa\u00e7\u00e3o para a Marinha por destacar o ber\u00e7o do Pa\u00eds: o mar. \u201cO Museu Mar\u00edtimo do Brasil ser\u00e1 destinado \u00e0 amplitude mar\u00edtima nacional, com inst\u00e2ncias culturais, simb\u00f3licas, religiosas, m\u00edticas, econ\u00f4micas e ambientais dos mares e rios brasileiros que comp\u00f5em nossa rica Amaz\u00f4nia Azul. Passado, presente e perspectivas futuras, vistas sob a \u00f3tica mar\u00edtima\u201d, explica ele.<\/p>\n<p>Atualmente, o projeto encontra-se em sua Fase 2. Em agosto deste ano, foi aprovada no Programa Nacional de Apoio \u00e0 Cultura (PRONAC) a proposta de elabora\u00e7\u00e3o do Projeto Executivo de Arquitetura do futuro museu, viabilizando a capta\u00e7\u00e3o de recursos para a execu\u00e7\u00e3o dessa nova fase. \u201cA divulga\u00e7\u00e3o do museu em eventos como o Rio Oil &amp; Gas 2022 nos auxilia para angariar investimentos que viabilizar\u00e3o sua constru\u00e7\u00e3o, bem como na coordena\u00e7\u00e3o e realiza\u00e7\u00e3o das diferentes etapas do projeto\u201d, afirma o Diretor da DPHDM.<\/p>\n<p>Tamb\u00e9m em agosto, o Banco Nacional de Desenvolvimento Econ\u00f4mico e Social (BNDES) divulgou, ap\u00f3s realiza\u00e7\u00e3o de concorr\u00eancia p\u00fablica, o cons\u00f3rcio \u201cMarinha, Cultura e Patrim\u00f4nio\u201d como respons\u00e1vel pela elabora\u00e7\u00e3o de estudos de viabilidade financeira e administrativa do Museu Mar\u00edtimo do Brasil, na condi\u00e7\u00e3o de projeto qualificado no Programa de Parcerias de Investimento (PPI). O cons\u00f3rcio \u00e9 integrado pelas empresas Natureza Urbana Planejamento Integrado, Vallya Advisirs Assessoria Financeira, Maciel Rocha Sociedade de Advogados e Mare Nostrum Intelig\u00eancia Corporativa.<\/p>\n<p>A proposta arquitet\u00f4nica preliminar, vencedora do concurso realizado em 2021, prev\u00ea a constru\u00e7\u00e3o de dois pr\u00e9dios. Um deles ficar\u00e1 pr\u00f3ximo ao passeio p\u00fablico, na vertical, e outro, no p\u00eder, na horizontal. Com cinco andares, o primeiro pr\u00e9dio contar\u00e1 com uma ampla \u00e1rea t\u00e9rrea para recepcionar o p\u00fablico. O local ter\u00e1 audit\u00f3rio, espa\u00e7o para recep\u00e7\u00e3o de escolas, \u00e1rea administrativa e restaurante panor\u00e2mico com vista para a Ba\u00eda de Guanabara. J\u00e1 o segundo edif\u00edcio, onde efetivamente ficar\u00e1 o museu, a constru\u00e7\u00e3o sobre pilotis (t\u00e9rreo livre) contar\u00e1 com dois pavimentos, onde ser\u00e3o feitas as exposi\u00e7\u00f5es.<\/p>\n<p><a href=\"https:\/\/www.marinha.mil.br\/agenciadenoticias\/unindo-cultura-e-entretenimento-museu-maritimo-do-brasil-dara-visibilidade\" target=\"_blank\" rel=\"noopener\">Saiba mais<\/a> sobre o Museu Mar\u00edtimo do Brasil<\/p>\n<\/div>\n<\/div>\n<\/div>\n<div class=\"field field-name-field-fonte-noticia-agencia field-type-text field-label-hidden\">\n<div class=\"field-items\"><\/div>\n<\/div>\n<p>Fonte: Ag\u00eancia Marinha de Not\u00edcias<\/p>\n","protected":false},"excerpt":{"rendered":"<p>A 20\u00aa edi\u00e7\u00e3o do maior evento de petr\u00f3leo e g\u00e1s da Am\u00e9rica Latina recebe, neste ano, uma apresenta\u00e7\u00e3o do futuro Museu Mar\u00edtimo do Brasil, que&#8230;<\/p>\n","protected":false},"author":1527,"featured_media":41606,"comment_status":"closed","ping_status":"closed","sticky":false,"template":"","format":"standard","meta":{"footnotes":""},"categories":[6],"tags":[],"class_list":["post-41605","post","type-post","status-publish","format-standard","has-post-thumbnail","hentry","category-noticias"],"_links":{"self":[{"href":"https:\/\/www.sincomam.org.br\/index.php\/wp-json\/wp\/v2\/posts\/41605","targetHints":{"allow":["GET"]}}],"collection":[{"href":"https:\/\/www.sincomam.org.br\/index.php\/wp-json\/wp\/v2\/posts"}],"about":[{"href":"https:\/\/www.sincomam.org.br\/index.php\/wp-json\/wp\/v2\/types\/post"}],"author":[{"embeddable":true,"href":"https:\/\/www.sincomam.org.br\/index.php\/wp-json\/wp\/v2\/users\/1527"}],"replies":[{"embeddable":true,"href":"https:\/\/www.sincomam.org.br\/index.php\/wp-json\/wp\/v2\/comments?post=41605"}],"version-history":[{"count":1,"href":"https:\/\/www.sincomam.org.br\/index.php\/wp-json\/wp\/v2\/posts\/41605\/revisions"}],"predecessor-version":[{"id":41607,"href":"https:\/\/www.sincomam.org.br\/index.php\/wp-json\/wp\/v2\/posts\/41605\/revisions\/41607"}],"wp:featuredmedia":[{"embeddable":true,"href":"https:\/\/www.sincomam.org.br\/index.php\/wp-json\/wp\/v2\/media\/41606"}],"wp:attachment":[{"href":"https:\/\/www.sincomam.org.br\/index.php\/wp-json\/wp\/v2\/media?parent=41605"}],"wp:term":[{"taxonomy":"category","embeddable":true,"href":"https:\/\/www.sincomam.org.br\/index.php\/wp-json\/wp\/v2\/categories?post=41605"},{"taxonomy":"post_tag","embeddable":true,"href":"https:\/\/www.sincomam.org.br\/index.php\/wp-json\/wp\/v2\/tags?post=41605"}],"curies":[{"name":"wp","href":"https:\/\/api.w.org\/{rel}","templated":true}]}}