{"id":41585,"date":"2022-09-27T12:55:47","date_gmt":"2022-09-27T15:55:47","guid":{"rendered":"http:\/\/www.sincomam.org.br\/?p=41585"},"modified":"2022-09-27T12:55:47","modified_gmt":"2022-09-27T15:55:47","slug":"criancas-do-profesp-comemoram-dia-nacional-da-arvore-no-ciaa","status":"publish","type":"post","link":"https:\/\/www.sincomam.org.br\/index.php\/criancas-do-profesp-comemoram-dia-nacional-da-arvore-no-ciaa\/","title":{"rendered":"Crian\u00e7as do Profesp comemoram Dia Nacional da \u00c1rvore no CIAA"},"content":{"rendered":"<p>Em comemora\u00e7\u00e3o ao Dia Nacional da \u00c1rvore, o Centro de Instru\u00e7\u00e3o Almirante Alexandrino (CIAA) promoveu um evento de planta\u00e7\u00e3o de \u00e1rvores com as crian\u00e7as do Programa For\u00e7as no Esporte (Profesp). Com o apoio da Divis\u00e3o de Meio Ambiente do CIAA, as crian\u00e7as tiveram uma explana\u00e7\u00e3o sobre a import\u00e2ncia das \u00e1rvores e do Meio ambiente no equil\u00edbrio do ecossistema e aprenderam tamb\u00e9m as etapas do processo de plantio. Em seguida, foram divididas em cinco grupos e cada um plantou uma muda de \u00e1rvore nativa, entre elas, ip\u00ea.<\/p>\n<p>O dia 21 de setembro foi escolhido como Dia da \u00c1rvore no Brasil por anteceder a primavera no hemisf\u00e9rio sul, que pode variar entre os dias 22 e 23 de setembro, dependendo do ano. A data tem como prop\u00f3sito incentivar a preserva\u00e7\u00e3o das \u00e1rvores e das florestas, conscientizar a sociedade sobre as consequ\u00eancias do desmatamento, da polui\u00e7\u00e3o e outros contextos nocivos ao ambiente.<\/p>\n<div class=\"td-a-rec td-a-rec-id-content_inline td_uid_2_6332ca1b9f7b4_rand td_block_template_11\">\n<p>Em homenagem \u00e0s crian\u00e7as, o local onde as \u00e1rvores foram plantadas passar\u00e1 a ser chamado Bosque do Profesp.<\/p>\n<\/div>\n","protected":false},"excerpt":{"rendered":"<p>Em comemora\u00e7\u00e3o ao Dia Nacional da \u00c1rvore, o Centro de Instru\u00e7\u00e3o Almirante Alexandrino (CIAA) promoveu um evento de planta\u00e7\u00e3o de \u00e1rvores com as crian\u00e7as do&#8230;<\/p>\n","protected":false},"author":1527,"featured_media":41586,"comment_status":"closed","ping_status":"closed","sticky":false,"template":"","format":"standard","meta":{"footnotes":""},"categories":[6],"tags":[],"class_list":["post-41585","post","type-post","status-publish","format-standard","has-post-thumbnail","hentry","category-noticias"],"_links":{"self":[{"href":"https:\/\/www.sincomam.org.br\/index.php\/wp-json\/wp\/v2\/posts\/41585","targetHints":{"allow":["GET"]}}],"collection":[{"href":"https:\/\/www.sincomam.org.br\/index.php\/wp-json\/wp\/v2\/posts"}],"about":[{"href":"https:\/\/www.sincomam.org.br\/index.php\/wp-json\/wp\/v2\/types\/post"}],"author":[{"embeddable":true,"href":"https:\/\/www.sincomam.org.br\/index.php\/wp-json\/wp\/v2\/users\/1527"}],"replies":[{"embeddable":true,"href":"https:\/\/www.sincomam.org.br\/index.php\/wp-json\/wp\/v2\/comments?post=41585"}],"version-history":[{"count":1,"href":"https:\/\/www.sincomam.org.br\/index.php\/wp-json\/wp\/v2\/posts\/41585\/revisions"}],"predecessor-version":[{"id":41587,"href":"https:\/\/www.sincomam.org.br\/index.php\/wp-json\/wp\/v2\/posts\/41585\/revisions\/41587"}],"wp:featuredmedia":[{"embeddable":true,"href":"https:\/\/www.sincomam.org.br\/index.php\/wp-json\/wp\/v2\/media\/41586"}],"wp:attachment":[{"href":"https:\/\/www.sincomam.org.br\/index.php\/wp-json\/wp\/v2\/media?parent=41585"}],"wp:term":[{"taxonomy":"category","embeddable":true,"href":"https:\/\/www.sincomam.org.br\/index.php\/wp-json\/wp\/v2\/categories?post=41585"},{"taxonomy":"post_tag","embeddable":true,"href":"https:\/\/www.sincomam.org.br\/index.php\/wp-json\/wp\/v2\/tags?post=41585"}],"curies":[{"name":"wp","href":"https:\/\/api.w.org\/{rel}","templated":true}]}}