{"id":41581,"date":"2022-09-27T12:43:55","date_gmt":"2022-09-27T15:43:55","guid":{"rendered":"http:\/\/www.sincomam.org.br\/?p=41581"},"modified":"2022-09-27T12:43:55","modified_gmt":"2022-09-27T15:43:55","slug":"petrobras-vai-investir-em-novas-provincias-de-petroleo-no-nordeste-e-norte-diz-presidente","status":"publish","type":"post","link":"https:\/\/www.sincomam.org.br\/index.php\/petrobras-vai-investir-em-novas-provincias-de-petroleo-no-nordeste-e-norte-diz-presidente\/","title":{"rendered":"Petrobras vai investir em novas prov\u00edncias de petr\u00f3leo no Nordeste e Norte, diz presidente"},"content":{"rendered":"<p>Presidente da Petrobras participa, por videoconfer\u00eancia, da Rio Oil &amp; GasPresidente da Petrobras participa, por videoconfer\u00eancia, da Rio Oil &amp; Gas Bruno Rosa<br \/>\nO presidente da Petrobras, Caio Paes de Andrade, disse que a estatal, mesmo tendo foco no pr\u00e9-sal, vai investir no desenvolvimento de novas prov\u00edncias explorat\u00f3rias de petr\u00f3leo como a Margem Equatorial, no litoral entre as regi\u00f5es Norte e Nordeste.<\/p>\n<p>O executivo participou de forma on-line da abertura do Rio Oil &amp; Gas, que ocorre no Centro do Rio de Janeiro. Foi o primeiro pronunciamento do executivo em um evento desde que assumiu a companhia, em junho deste ano.<\/p>\n<p>\u00c9 a primeira vez que o evento \u00e9 feito de forma presencial desde o in\u00edcio da pandemia, em 2020.<\/p>\n<p>Andrade destacou tamb\u00e9m investimentos na \u00e1rea de sustentabilidade. Reafirmou que o foco da companhia ser\u00e1 em projetos de redu\u00e7\u00e3o de emiss\u00e3o de gases causadores do efeito estufa. Para isso, destacou os aportes feitos em produ\u00e7\u00e3o de biocombust\u00edveis, como biodiesel e bio QAV, para avia\u00e7\u00e3o.<\/p>\n<p>\u2014 O foco da Petrobras \u00e9 o pr\u00e9-sal. \u00c9 o ativo de maior valor e uma das maiores prov\u00edncias do mundo. Mas estamos desenvolvendo novas \u00e1reas como a margem equatorial. E sempre com foco no ambiental e na redu\u00e7\u00e3o de emiss\u00f5es &#8211; apontou.<br \/>\nAndrade deu pistas do que a empresa pretende investir nos pr\u00f3ximos anos. A estatal deve divulgar seu novo plano de neg\u00f3cios em dezembro. Ele destacou que o objetivo \u00e9 que a companhia seja mais resiliente e competitiva no longo prazo.<\/p>\n<p>\u2014 Nossos projetos s\u00e3o focados na descarboniza\u00e7\u00e3o com a redu\u00e7\u00e3o de emiss\u00f5es. Vamos investir US$ 2,8 bilh\u00f5es nos pr\u00f3ximos cinco anos em projetos para reduzir as emiss\u00f5es. Criamos um fundo de US$ 248 milh\u00f5es para desenvolver solu\u00e7\u00f5es de baixo carbono \u2014 afirmou.<\/p>\n<p>Ministro cobra licenciamento mais r\u00e1pido<br \/>\nO ministro de Minas e Energia, Adolfo Sachsida, que tamb\u00e9m participou da cerim\u00f4nia de abertura, cobrou maior celeridade no processo de licenciamento ambiental para a explora\u00e7\u00e3o dos blocos localizados na Margem Equatorial.<\/p>\n<p>G\u00e1s: NTS, de gasodutos, vai investir R$ 12 bilh\u00f5es, dos quais 70% no Rio<br \/>\n\u2014 Queremos mais responsabilidade no licenciamento ambiental. \u00c9 fundamental que a resposta seja mais r\u00e1pida. Eu me refiro a Margem Equatorial. Temos uma oportunidade desde que com responsabilidade social e ambiental.<\/p>\n<p>Ele destacou ainda que tem certeza que a Petrobras vai conseguir cumprir o acordo com o Cade, \u00f3rg\u00e3o que regula a concorr\u00eancia no pa\u00eds, para vender as oito refinarias que respondem por metade da capacidade de produ\u00e7\u00e3o nacional de derivados. At\u00e9 agora, entre as maiores unidades \u00e0 venda, a estatal conseguiu se desfazer apenas da unidade na Bahia para o fundo \u00e1rabe Mubadala.<\/p>\n<p>\u2014 A Petrobras vendeu algumas refinarias e a concentra\u00e7\u00e3o da Petrobras passou de 98% para 89% no setor. A Petrobras far\u00e1 de tudo para vender as outras refinarias acordadas com o Cade. A nossa linha \u00e9 mais competi\u00e7\u00e3o \u2014 disse ele.<\/p>\n<p>Mais empresas no setor de g\u00e1s<br \/>\nA Petrobras tamb\u00e9m vem reduzindo sua participa\u00e7\u00e3o no segmento de g\u00e1s. Sachsida destacou que o n\u00famero de empresas neste segmento passou de nove para 82, assim como entre os comercializadores subiu de 27 para 86.<\/p>\n<p>Ele afirmou ainda que \u201ctem algo diferente acontecendo\u201d no Brasil. Destacou que a Europa est\u00e1 congelando pre\u00e7os e pa\u00edses est\u00e3o nacionalizando empresas, mas lembrou que os pre\u00e7os no Brasil s\u00e3o livres e destacou a redu\u00e7\u00e3o de tributos.<\/p>\n<p>\u2014 O (crescimento do) PIB no Brasil neste ano vai ser maior que o dos EUA, da Alemanha e da China. A infla\u00e7\u00e3o no Brasil neste ano ser\u00e1 menor que nos EUA, na Inglaterra e na Alemanha. O Brasil \u00e9 o grande porto do investimento hoje &#8211; disse, citando a queda de 34% no pre\u00e7o da gasolina desde junho.<\/p>\n<p>Fonte: O Globo<\/p>\n","protected":false},"excerpt":{"rendered":"<p>Presidente da Petrobras participa, por videoconfer\u00eancia, da Rio Oil &amp; GasPresidente da Petrobras participa, por videoconfer\u00eancia, da Rio Oil &amp; Gas Bruno Rosa O presidente&#8230;<\/p>\n","protected":false},"author":1527,"featured_media":41582,"comment_status":"closed","ping_status":"closed","sticky":false,"template":"","format":"standard","meta":{"footnotes":""},"categories":[6],"tags":[],"class_list":["post-41581","post","type-post","status-publish","format-standard","has-post-thumbnail","hentry","category-noticias"],"_links":{"self":[{"href":"https:\/\/www.sincomam.org.br\/index.php\/wp-json\/wp\/v2\/posts\/41581","targetHints":{"allow":["GET"]}}],"collection":[{"href":"https:\/\/www.sincomam.org.br\/index.php\/wp-json\/wp\/v2\/posts"}],"about":[{"href":"https:\/\/www.sincomam.org.br\/index.php\/wp-json\/wp\/v2\/types\/post"}],"author":[{"embeddable":true,"href":"https:\/\/www.sincomam.org.br\/index.php\/wp-json\/wp\/v2\/users\/1527"}],"replies":[{"embeddable":true,"href":"https:\/\/www.sincomam.org.br\/index.php\/wp-json\/wp\/v2\/comments?post=41581"}],"version-history":[{"count":2,"href":"https:\/\/www.sincomam.org.br\/index.php\/wp-json\/wp\/v2\/posts\/41581\/revisions"}],"predecessor-version":[{"id":41584,"href":"https:\/\/www.sincomam.org.br\/index.php\/wp-json\/wp\/v2\/posts\/41581\/revisions\/41584"}],"wp:featuredmedia":[{"embeddable":true,"href":"https:\/\/www.sincomam.org.br\/index.php\/wp-json\/wp\/v2\/media\/41582"}],"wp:attachment":[{"href":"https:\/\/www.sincomam.org.br\/index.php\/wp-json\/wp\/v2\/media?parent=41581"}],"wp:term":[{"taxonomy":"category","embeddable":true,"href":"https:\/\/www.sincomam.org.br\/index.php\/wp-json\/wp\/v2\/categories?post=41581"},{"taxonomy":"post_tag","embeddable":true,"href":"https:\/\/www.sincomam.org.br\/index.php\/wp-json\/wp\/v2\/tags?post=41581"}],"curies":[{"name":"wp","href":"https:\/\/api.w.org\/{rel}","templated":true}]}}