{"id":41578,"date":"2022-09-27T11:40:46","date_gmt":"2022-09-27T14:40:46","guid":{"rendered":"http:\/\/www.sincomam.org.br\/?p=41578"},"modified":"2022-09-27T11:40:46","modified_gmt":"2022-09-27T14:40:46","slug":"sem-consenso-no-senado-mp-que-aumenta-conta-de-luz-perde-a-validade","status":"publish","type":"post","link":"https:\/\/www.sincomam.org.br\/index.php\/sem-consenso-no-senado-mp-que-aumenta-conta-de-luz-perde-a-validade\/","title":{"rendered":"Sem consenso no Senado, MP que aumenta conta de luz perde a validade"},"content":{"rendered":"<p>A Medida Provis\u00f3ria (MP) 1.118\/2022, que d\u00e1 subs\u00eddios a energias renov\u00e1veis (e\u00f3lica e fotovoltaica) e concede cr\u00e9ditos tribut\u00e1rios para o setor de combust\u00edveis perdeu a validade nesta ter\u00e7a-feira (27).<img decoding=\"async\" src=\"https:\/\/agenciabrasil.ebc.com.br\/ebc.png?id=1484499&amp;o=node\" \/><img decoding=\"async\" src=\"https:\/\/agenciabrasil.ebc.com.br\/ebc.gif?id=1484499&amp;o=node\" \/><\/p>\n<p>O texto acabou sem consenso para vota\u00e7\u00e3o depois que, de \u00faltima hora, durante a vota\u00e7\u00e3o na C\u00e2mara dos Deputados, o relator da mat\u00e9ria, deputado Danilo Forte (Uni\u00e3o-CE), incluiu no texto um trecho que aumenta o pre\u00e7o da conta de luz.<\/p>\n<p>A novidade foi mal recebida pelos senadores, que acabaram deixando a MP caducar. A sess\u00e3o para vota\u00e7\u00e3o do texto chegou a ser convocada para ontem (26) pelo presidente da Casa, Rodrigo Pacheco (PSD-MG), mas depois foi cancelada.<\/p>\n<p>A pr\u00f3xima sess\u00e3o para vota\u00e7\u00e3o de MPs no Senado ser\u00e1 na pr\u00f3xima ter\u00e7a-feira, 4 de outubro. De acordo com presid\u00eancia da Casa, a sess\u00e3o vai analisar, entre outras propostas, a\u00a0MP 1.119\/2022, que estende at\u00e9 30 de novembro o prazo para a migra\u00e7\u00e3o de servidores p\u00fablicos federais para o regime de previd\u00eancia complementar.<\/p>\n<p>Fonte: Ag\u00eancia Brasil<\/p>\n","protected":false},"excerpt":{"rendered":"<p>A Medida Provis\u00f3ria (MP) 1.118\/2022, que d\u00e1 subs\u00eddios a energias renov\u00e1veis (e\u00f3lica e fotovoltaica) e concede cr\u00e9ditos tribut\u00e1rios para o setor de combust\u00edveis perdeu a&#8230;<\/p>\n","protected":false},"author":1527,"featured_media":41579,"comment_status":"closed","ping_status":"closed","sticky":false,"template":"","format":"standard","meta":{"footnotes":""},"categories":[6],"tags":[],"class_list":["post-41578","post","type-post","status-publish","format-standard","has-post-thumbnail","hentry","category-noticias"],"_links":{"self":[{"href":"https:\/\/www.sincomam.org.br\/index.php\/wp-json\/wp\/v2\/posts\/41578","targetHints":{"allow":["GET"]}}],"collection":[{"href":"https:\/\/www.sincomam.org.br\/index.php\/wp-json\/wp\/v2\/posts"}],"about":[{"href":"https:\/\/www.sincomam.org.br\/index.php\/wp-json\/wp\/v2\/types\/post"}],"author":[{"embeddable":true,"href":"https:\/\/www.sincomam.org.br\/index.php\/wp-json\/wp\/v2\/users\/1527"}],"replies":[{"embeddable":true,"href":"https:\/\/www.sincomam.org.br\/index.php\/wp-json\/wp\/v2\/comments?post=41578"}],"version-history":[{"count":1,"href":"https:\/\/www.sincomam.org.br\/index.php\/wp-json\/wp\/v2\/posts\/41578\/revisions"}],"predecessor-version":[{"id":41580,"href":"https:\/\/www.sincomam.org.br\/index.php\/wp-json\/wp\/v2\/posts\/41578\/revisions\/41580"}],"wp:featuredmedia":[{"embeddable":true,"href":"https:\/\/www.sincomam.org.br\/index.php\/wp-json\/wp\/v2\/media\/41579"}],"wp:attachment":[{"href":"https:\/\/www.sincomam.org.br\/index.php\/wp-json\/wp\/v2\/media?parent=41578"}],"wp:term":[{"taxonomy":"category","embeddable":true,"href":"https:\/\/www.sincomam.org.br\/index.php\/wp-json\/wp\/v2\/categories?post=41578"},{"taxonomy":"post_tag","embeddable":true,"href":"https:\/\/www.sincomam.org.br\/index.php\/wp-json\/wp\/v2\/tags?post=41578"}],"curies":[{"name":"wp","href":"https:\/\/api.w.org\/{rel}","templated":true}]}}