{"id":41568,"date":"2022-09-27T10:18:59","date_gmt":"2022-09-27T13:18:59","guid":{"rendered":"http:\/\/www.sincomam.org.br\/?p=41568"},"modified":"2022-09-27T10:18:59","modified_gmt":"2022-09-27T13:18:59","slug":"governo-de-pernambuco-anuncia-terminal-de-minerios-de-r-15-bilhao-no-porto-de-suape","status":"publish","type":"post","link":"https:\/\/www.sincomam.org.br\/index.php\/governo-de-pernambuco-anuncia-terminal-de-minerios-de-r-15-bilhao-no-porto-de-suape\/","title":{"rendered":"Governo de Pernambuco anuncia terminal de min\u00e9rios de R$ 1,5 bilh\u00e3o no Porto de Suape"},"content":{"rendered":"<p>O Governo de Pernambuco anunciou, nesta segunda-feira (26), a instala\u00e7\u00e3o de um Terminal de Gran\u00e9is S\u00f3lidos Minerais no Porto de Suape. Na modalidade de Terminal de Uso Privado (TUP), o empreendimento ser\u00e1 operado pela empresa Planalto Piau\u00ed Participa\u00e7\u00f5es e Empreendimentos S.A., integrante do grupo Bemisa Brasil Opera\u00e7\u00e3o Mineral S.A., mineradora autorizada pelo governo federal a implantar e explorar a Ferrovia do Sert\u00e3o (EF233), nos 717 quil\u00f4metros entre Curral Novo (PI) e o porto pernambucano. Para a constru\u00e7\u00e3o do terminal ser\u00e1 investido R$ 1,5 bilh\u00e3o, com a estimativa de movimentar anualmente 13,5 milh\u00f5es de toneladas de min\u00e9rio de ferro.<\/p>\n<p>A \u00e1rea do empreendimento \u00e9 de 51,8 hectares e a obra, que tem previs\u00e3o de in\u00edcio para o ano de 2025, vai gerar mais de 3 mil empregos, entre diretos e indiretos. Durante a opera\u00e7\u00e3o, ser\u00e3o 400 empregos. O terminal est\u00e1 localizado dentro dos limites da Zona Industrial Portu\u00e1ria (ZIP), na Ilha de Cocaia, e o sistema log\u00edstico, viabilizado a partir da implanta\u00e7\u00e3o do empreendimento, apresenta-se como alternativa \u00e0 conclus\u00e3o da Ferrovia Transnordestina at\u00e9 o Porto de Suape.<\/p>\n<p>\u201cSer\u00e1 mais uma op\u00e7\u00e3o log\u00edstica fundamental, que vai baratear custos e dar uma condi\u00e7\u00e3o de desenvolvimento para v\u00e1rios setores da economia de Pernambuco. Esse novo terminal tamb\u00e9m vai potencializar ainda mais a utiliza\u00e7\u00e3o de Suape, ou seja, outros estados e at\u00e9 pa\u00edses ter\u00e3o no porto um novo escoamento de produ\u00e7\u00e3o, agora atrav\u00e9s da log\u00edstica ferrovi\u00e1ria\u201d, destacou o governador Paulo C\u00e2mara. A ferrovia vai viabilizar a exporta\u00e7\u00e3o de min\u00e9rio de ferro que o grupo empresarial explora no munic\u00edpio de Curral Novo, onde h\u00e1 uma jazida com 800 milh\u00f5es de toneladas de ferro, maior reserva mineral daquele Estado e uma das maiores do Pa\u00eds.<\/p>\n<p>O diretor-presidente do Porto de Suape, Roberto Gusm\u00e3o, enfatizou que a instala\u00e7\u00e3o do terminal de min\u00e9rios em Suape \u00e9 um marco importante para a economia do Estado. \u201cSomos o principal porto do Nordeste e concentrador de cargas, atualmente distribu\u00eddas pelo modal rodovi\u00e1rio e por cabotagem. Com a malha ferrovi\u00e1ria, o porto poder\u00e1 movimentar desde os gr\u00e3os de soja de Matopiba, na regi\u00e3o entre os Estados do Tocantins, Bahia, Piau\u00ed e Maranh\u00e3o, at\u00e9 as frutas do S\u00e3o Francisco e a gipsita do Sert\u00e3o do Araripe, al\u00e9m de interiorizar cargas como combust\u00edveis, g\u00e1s de cozinha, cargas conteinerizadas, ve\u00edculos, entre outras mercadorias, consolidando sua integra\u00e7\u00e3o \u00e0 rede log\u00edstica da regi\u00e3o\u201d, ressaltou.<\/p>\n<p>O terminal ter\u00e1 capacidade de recebimento e embarque de 50 mil toneladas de min\u00e9rio por dia e volume m\u00e1ximo de 780 mil toneladas para estocagem no p\u00e1tio. A opera\u00e7\u00e3o tem previs\u00e3o de arrecadar R$ 617,2 milh\u00f5es em tarifas portu\u00e1rias e um total de R$ 184,5 milh\u00f5es pelo arrendamento da \u00e1rea durante a vig\u00eancia do contrato, que \u00e9 de 30 anos. \u201cPernambuco foi um Estado que sempre nos recebeu muito bem, e o governador Paulo C\u00e2mara foi essencial para isso. A gente j\u00e1 vem discutindo h\u00e1 alguns anos sobre essa possibilidade, que hoje culminou na assinatura do contrato de arrendamento\u201d, ressaltou o CEO da Bemisa, Augusto Lopes.<\/p>\n<p>BEMISA &#8211; O grupo Bemisa, um dos maiores do Pa\u00eds no ramo de explora\u00e7\u00e3o e exporta\u00e7\u00e3o de min\u00e9rios, \u00e9 o investidor privado que vem tratando sobre o terminal com o Governo de Pernambuco desde 2019, para escoar o min\u00e9rio por Suape. Sediada em Minas Gerais, a empresa formalizou junto ao Minist\u00e9rio da Infraestrutura, no dia 2 de setembro deste ano, o interesse em viabilizar a ferrovia. Presente em sete Estados brasileiros, tem um portf\u00f3lio de nove projetos, que englobam min\u00e9rio de ferro, ouro, n\u00edquel, fosfato e calc\u00e1rio.<\/p>\n<p>Fonte: Portos e Navios<\/p>\n","protected":false},"excerpt":{"rendered":"<p>O Governo de Pernambuco anunciou, nesta segunda-feira (26), a instala\u00e7\u00e3o de um Terminal de Gran\u00e9is S\u00f3lidos Minerais no Porto de Suape. Na modalidade de Terminal&#8230;<\/p>\n","protected":false},"author":1527,"featured_media":41569,"comment_status":"closed","ping_status":"closed","sticky":false,"template":"","format":"standard","meta":{"footnotes":""},"categories":[6],"tags":[],"class_list":["post-41568","post","type-post","status-publish","format-standard","has-post-thumbnail","hentry","category-noticias"],"_links":{"self":[{"href":"https:\/\/www.sincomam.org.br\/index.php\/wp-json\/wp\/v2\/posts\/41568","targetHints":{"allow":["GET"]}}],"collection":[{"href":"https:\/\/www.sincomam.org.br\/index.php\/wp-json\/wp\/v2\/posts"}],"about":[{"href":"https:\/\/www.sincomam.org.br\/index.php\/wp-json\/wp\/v2\/types\/post"}],"author":[{"embeddable":true,"href":"https:\/\/www.sincomam.org.br\/index.php\/wp-json\/wp\/v2\/users\/1527"}],"replies":[{"embeddable":true,"href":"https:\/\/www.sincomam.org.br\/index.php\/wp-json\/wp\/v2\/comments?post=41568"}],"version-history":[{"count":1,"href":"https:\/\/www.sincomam.org.br\/index.php\/wp-json\/wp\/v2\/posts\/41568\/revisions"}],"predecessor-version":[{"id":41570,"href":"https:\/\/www.sincomam.org.br\/index.php\/wp-json\/wp\/v2\/posts\/41568\/revisions\/41570"}],"wp:featuredmedia":[{"embeddable":true,"href":"https:\/\/www.sincomam.org.br\/index.php\/wp-json\/wp\/v2\/media\/41569"}],"wp:attachment":[{"href":"https:\/\/www.sincomam.org.br\/index.php\/wp-json\/wp\/v2\/media?parent=41568"}],"wp:term":[{"taxonomy":"category","embeddable":true,"href":"https:\/\/www.sincomam.org.br\/index.php\/wp-json\/wp\/v2\/categories?post=41568"},{"taxonomy":"post_tag","embeddable":true,"href":"https:\/\/www.sincomam.org.br\/index.php\/wp-json\/wp\/v2\/tags?post=41568"}],"curies":[{"name":"wp","href":"https:\/\/api.w.org\/{rel}","templated":true}]}}