{"id":41553,"date":"2022-09-26T09:05:07","date_gmt":"2022-09-26T12:05:07","guid":{"rendered":"http:\/\/www.sincomam.org.br\/?p=41553"},"modified":"2022-09-26T09:05:07","modified_gmt":"2022-09-26T12:05:07","slug":"diretoria-de-portos-e-costas-faz-palestra-sobre-papel-da-autoridade-maritima-brasileira-no-meio-ambiente-marinho","status":"publish","type":"post","link":"https:\/\/www.sincomam.org.br\/index.php\/diretoria-de-portos-e-costas-faz-palestra-sobre-papel-da-autoridade-maritima-brasileira-no-meio-ambiente-marinho\/","title":{"rendered":"Diretoria de Portos e Costas faz palestra sobre papel da Autoridade Mar\u00edtima Brasileira no meio ambiente marinho"},"content":{"rendered":"<p>Com o objetivo de\u00a0estreitar la\u00e7os e ampliar o di\u00e1logo entre o poder p\u00fablico e a iniciativa privada, a Diretoria de Portos e Costas (DPC) ministrou, no dia 20 de setembro, palestra para os colaboradores da empresa MODEC Brasil, uma das principais entidades que atuam no mercado internacional de\u00a0<em>Floating Production Storage and Offloading\u00a0<\/em>(FPSO).<\/p>\n<p>O\u00a0prop\u00f3sito\u00a0do encontro foi apresentar \u00e0 audi\u00eancia o papel normatizador da Autoridade Mar\u00edtima Brasileira (AMB) e a legisla\u00e7\u00e3o para a \u00e1rea do meio ambiente, al\u00e9m do Plano Nacional de\u00a0Conting\u00eancia\u00a0(PNC) para incidentes de polui\u00e7\u00e3o por \u00f3leo em \u00c1guas Jurisdicionais Brasileiras (AJB).<\/p>\n<div class=\"td-a-rec td-a-rec-id-content_inline td_uid_2_632df7fbd23d1_rand td_block_template_11\">\n<p>O evento, que ocorreu na sede brasileira da empresa, no Rio de Janeiro, foi transmitido <em>online\u00a0<\/em>para as filiais da MODEC em outros estados.<\/p>\n<\/div>\n<p>A\u00a0a\u00e7\u00e3o refor\u00e7a a import\u00e2ncia do papel da AMB no que tange \u00e0 preserva\u00e7\u00e3o do meio ambiente marinho, enfatizando a necessidade de um comportamento respons\u00e1vel para o uso do mar de forma consciente, mantendo como foco a manuten\u00e7\u00e3o dos mares e rios seguros e limpos.<\/p>\n","protected":false},"excerpt":{"rendered":"<p>Com o objetivo de\u00a0estreitar la\u00e7os e ampliar o di\u00e1logo entre o poder p\u00fablico e a iniciativa privada, a Diretoria de Portos e Costas (DPC) ministrou,&#8230;<\/p>\n","protected":false},"author":1527,"featured_media":41554,"comment_status":"closed","ping_status":"closed","sticky":false,"template":"","format":"standard","meta":{"footnotes":""},"categories":[6],"tags":[],"class_list":["post-41553","post","type-post","status-publish","format-standard","has-post-thumbnail","hentry","category-noticias"],"_links":{"self":[{"href":"https:\/\/www.sincomam.org.br\/index.php\/wp-json\/wp\/v2\/posts\/41553","targetHints":{"allow":["GET"]}}],"collection":[{"href":"https:\/\/www.sincomam.org.br\/index.php\/wp-json\/wp\/v2\/posts"}],"about":[{"href":"https:\/\/www.sincomam.org.br\/index.php\/wp-json\/wp\/v2\/types\/post"}],"author":[{"embeddable":true,"href":"https:\/\/www.sincomam.org.br\/index.php\/wp-json\/wp\/v2\/users\/1527"}],"replies":[{"embeddable":true,"href":"https:\/\/www.sincomam.org.br\/index.php\/wp-json\/wp\/v2\/comments?post=41553"}],"version-history":[{"count":1,"href":"https:\/\/www.sincomam.org.br\/index.php\/wp-json\/wp\/v2\/posts\/41553\/revisions"}],"predecessor-version":[{"id":41555,"href":"https:\/\/www.sincomam.org.br\/index.php\/wp-json\/wp\/v2\/posts\/41553\/revisions\/41555"}],"wp:featuredmedia":[{"embeddable":true,"href":"https:\/\/www.sincomam.org.br\/index.php\/wp-json\/wp\/v2\/media\/41554"}],"wp:attachment":[{"href":"https:\/\/www.sincomam.org.br\/index.php\/wp-json\/wp\/v2\/media?parent=41553"}],"wp:term":[{"taxonomy":"category","embeddable":true,"href":"https:\/\/www.sincomam.org.br\/index.php\/wp-json\/wp\/v2\/categories?post=41553"},{"taxonomy":"post_tag","embeddable":true,"href":"https:\/\/www.sincomam.org.br\/index.php\/wp-json\/wp\/v2\/tags?post=41553"}],"curies":[{"name":"wp","href":"https:\/\/api.w.org\/{rel}","templated":true}]}}