{"id":41534,"date":"2022-09-23T10:15:21","date_gmt":"2022-09-23T13:15:21","guid":{"rendered":"http:\/\/www.sincomam.org.br\/?p=41534"},"modified":"2022-09-23T10:15:21","modified_gmt":"2022-09-23T13:15:21","slug":"marinhas-da-namibia-e-de-camaroes-cruzaram-o-oceano-atlantico-pela-primeira-vez-para-a-unitas-lxiii","status":"publish","type":"post","link":"https:\/\/www.sincomam.org.br\/index.php\/marinhas-da-namibia-e-de-camaroes-cruzaram-o-oceano-atlantico-pela-primeira-vez-para-a-unitas-lxiii\/","title":{"rendered":"Marinhas da Nam\u00edbia e de Camar\u00f5es cruzaram o Oceano Atl\u00e2ntico pela primeira vez para a UNITAS LXIII"},"content":{"rendered":"<p>Ap\u00f3s quase duas semanas de opera\u00e7\u00f5es no mar, a UNITAS LXIII chegou ao fim hoje (22). A edi\u00e7\u00e3o sediada no Brasil especialmente para compor as celebra\u00e7\u00f5es do Bicenten\u00e1rio da nossa Independ\u00eancia e da Esquadra brasileira foi marcada pela interoperabilidade dos 19 pa\u00edses envolvidos. A presen\u00e7a de marinhas e representantes dos continentes europeu, asi\u00e1tico e africano proporcionou mais diversidade, representatividade e possibilidade de novas intera\u00e7\u00f5es durante o exerc\u00edcio.<\/p>\n<p>Para acomodar um maior n\u00famero de marinhas e em aten\u00e7\u00e3o \u00e0 necessidade de prepara\u00e7\u00e3o conjunta em resposta \u00e0s novas amea\u00e7as presentes no Atl\u00e2ntico, a UNITAS 2022 contou com uma unidade-tarefa voltada para a seguran\u00e7a mar\u00edtima, com a participa\u00e7\u00e3o de navios-patrulha e exerc\u00edcios de abordagem, tiro com armamentos de curto alcance, al\u00e9m de combate \u00e0 pirataria e preven\u00e7\u00e3o \u00e0 polui\u00e7\u00e3o ambiental. Essa novidade permitiu a participa\u00e7\u00e3o de marinhas do entorno estrat\u00e9gico brasileiro, como as das Rep\u00fablicas da Nam\u00edbia e de Camar\u00f5es, que est\u00e3o localizadas na costa ocidental do continente africano.<\/p>\n<p>Elas atravessaram pela primeira vez o oceano Atl\u00e2ntico, em dire\u00e7\u00e3o ao Rio de Janeiro, onde teve in\u00edcio a miss\u00e3o que seguiu at\u00e9 o Esp\u00edrito Santo. Como lembra o Contra-Almirante Marcelo Menezes Cardoso, Comandante da 1\u00aa Divis\u00e3o da Esquadra e do Grupo-Tarefa, \u201ca participa\u00e7\u00e3o dos namibianos e camaroneses merece destaque. N\u00e3o s\u00f3 pelo reconhecido esfor\u00e7o de atravessar o Atl\u00e2ntico, mas tamb\u00e9m pela seriedade, profissionalismo e esmero demonstrados desde a fase de planejamento at\u00e9 a execu\u00e7\u00e3o dos exerc\u00edcios no mar\u201d.<\/p>\n<p>Para o Capit\u00e3o de Mar e Guerra Simon Kombada, comandante do Navio NS Elephant, navio capit\u00e2nia da Marinha da Nam\u00edbia, participar da UNITAS teve uma import\u00e2ncia dupla. \u201cEm primeiro lugar, a nossa participa\u00e7\u00e3o elevou o moral da tripula\u00e7\u00e3o e nos garantiu confian\u00e7a. Em segundo lugar, aprimorou a profici\u00eancia t\u00e1tica, capacidades e maior interoperabilidade, bem como mostrou a compet\u00eancia que a Marinha da Nam\u00edbia pode ter ao participar de um exerc\u00edcio conjunto com outras marinhas\u201d.<\/p>\n<p>Al\u00e9m do objetivo de incrementar a interoperabilidade, a UNITAS almejava outras metas, como lembra o Contra-Almirante Cardoso ao \u201cconsiderar que os principais objetivos foram alcan\u00e7ados,\u00a0 dentre os quais o incremento do adestramento, as trocas de experi\u00eancias, a identifica\u00e7\u00e3o de oportunidades de coopera\u00e7\u00e3o, a confirma\u00e7\u00e3o da capacidade de opera\u00e7\u00e3o conjunta em seguran\u00e7a e a consolida\u00e7\u00e3o dos la\u00e7os de amizades entre as nossas marinhas\u201d.<\/p>\n<p>Fonte: Defesa em Foco<\/p>\n","protected":false},"excerpt":{"rendered":"<p>Ap\u00f3s quase duas semanas de opera\u00e7\u00f5es no mar, a UNITAS LXIII chegou ao fim hoje (22). A edi\u00e7\u00e3o sediada no Brasil especialmente para compor as&#8230;<\/p>\n","protected":false},"author":1527,"featured_media":41535,"comment_status":"closed","ping_status":"closed","sticky":false,"template":"","format":"standard","meta":{"footnotes":""},"categories":[6],"tags":[],"class_list":["post-41534","post","type-post","status-publish","format-standard","has-post-thumbnail","hentry","category-noticias"],"_links":{"self":[{"href":"https:\/\/www.sincomam.org.br\/index.php\/wp-json\/wp\/v2\/posts\/41534","targetHints":{"allow":["GET"]}}],"collection":[{"href":"https:\/\/www.sincomam.org.br\/index.php\/wp-json\/wp\/v2\/posts"}],"about":[{"href":"https:\/\/www.sincomam.org.br\/index.php\/wp-json\/wp\/v2\/types\/post"}],"author":[{"embeddable":true,"href":"https:\/\/www.sincomam.org.br\/index.php\/wp-json\/wp\/v2\/users\/1527"}],"replies":[{"embeddable":true,"href":"https:\/\/www.sincomam.org.br\/index.php\/wp-json\/wp\/v2\/comments?post=41534"}],"version-history":[{"count":1,"href":"https:\/\/www.sincomam.org.br\/index.php\/wp-json\/wp\/v2\/posts\/41534\/revisions"}],"predecessor-version":[{"id":41536,"href":"https:\/\/www.sincomam.org.br\/index.php\/wp-json\/wp\/v2\/posts\/41534\/revisions\/41536"}],"wp:featuredmedia":[{"embeddable":true,"href":"https:\/\/www.sincomam.org.br\/index.php\/wp-json\/wp\/v2\/media\/41535"}],"wp:attachment":[{"href":"https:\/\/www.sincomam.org.br\/index.php\/wp-json\/wp\/v2\/media?parent=41534"}],"wp:term":[{"taxonomy":"category","embeddable":true,"href":"https:\/\/www.sincomam.org.br\/index.php\/wp-json\/wp\/v2\/categories?post=41534"},{"taxonomy":"post_tag","embeddable":true,"href":"https:\/\/www.sincomam.org.br\/index.php\/wp-json\/wp\/v2\/tags?post=41534"}],"curies":[{"name":"wp","href":"https:\/\/api.w.org\/{rel}","templated":true}]}}