{"id":41528,"date":"2022-09-23T09:55:43","date_gmt":"2022-09-23T12:55:43","guid":{"rendered":"http:\/\/www.sincomam.org.br\/?p=41528"},"modified":"2022-09-23T09:55:43","modified_gmt":"2022-09-23T12:55:43","slug":"comissao-pro-amazonia-azul-i-identificou-relevos-submarinos-no-litoral-do-nordeste-brasileiro","status":"publish","type":"post","link":"https:\/\/www.sincomam.org.br\/index.php\/comissao-pro-amazonia-azul-i-identificou-relevos-submarinos-no-litoral-do-nordeste-brasileiro\/","title":{"rendered":"Comiss\u00e3o \u201cPro Amaz\u00f4nia Azul I\u201d identificou relevos submarinos no litoral do Nordeste brasileiro"},"content":{"rendered":"<p>Apesar dos oceanos e mares cobrirem 71% do planeta, a Organiza\u00e7\u00e3o das Na\u00e7\u00f5es Unidas\u00a0 (ONU) estima que menos de 5% dessa massa de \u00e1gua seja efetivamente explorada e conhecida cientificamente. Com base nessa informa\u00e7\u00e3o, o Brasil comprometeu-se com a Organiza\u00e7\u00e3o das Na\u00e7\u00f5es Unidas para a Educa\u00e7\u00e3o, a Ci\u00eancia e a Cultura (Unesco) para a execu\u00e7\u00e3o do programa da D\u00e9cada da Ci\u00eancia Oce\u00e2nica para o Desenvolvimento Sustent\u00e1vel, que deve ser implementado at\u00e9 2030.<\/p>\n<p>Neste contexto, a Comiss\u00e3o Interministerial para os Recursos do Mar (CIRM) realiza a a\u00e7\u00e3o \u201cPro Amaz\u00f4nia Azul\u201d, que executa pesquisas oceanogr\u00e1ficas com o prop\u00f3sito de promover o conhecimento cient\u00edfico, a conserva\u00e7\u00e3o e o aproveitamento sustent\u00e1vel dessa \u00e1rea oce\u00e2nica, sob a \u00f3tica da economia azul.<\/p>\n<p>Este ano, a tripula\u00e7\u00e3o do Navio Hidroceanogr\u00e1fico (NHo) \u201cCruzeiro do Sul\u201d realizou a comiss\u00e3o \u201cPro Amaz\u00f4nia Azul I\u201d no litoral dos Estados do Cear\u00e1, Rio Grande do Norte, Para\u00edba, Sergipe e Bahia,\u00a0para fazer levantamentos hidrogr\u00e1ficos em apoio ao Servi\u00e7o Geol\u00f3gico Brasileiro, \u00e0 Universidade Federal do Rio Grande do Norte (UFRN), \u00e0 Universidade Federal do Cear\u00e1 e ao instituto de Pesquisas Cient\u00edficas e Tecnol\u00f3gicas do Estado do Amap\u00e1 que participaram com 18 pesquisadores. As atividades desenvolvidas caracterizaram os relevos submarinos, conforme previsto no Plano de Trabalho de Hidrografia da Diretoria de Hidrografia e Navega\u00e7\u00e3o (PTHidro).<\/p>\n<p>Al\u00e9m disso, esses estudos nas regi\u00f5es ainda carentes de dados hidroceanogr\u00e1ficos contribuem com os diversos setores de explora\u00e7\u00e3o de recursos marinhos e ind\u00fastrias offshore (e\u00f3lica, petrol\u00edfera, pesqueira, entre outras), colaborando com a soberania nacional.<\/p>\n<p><strong>Parceria cient\u00edfica<\/strong><br \/>\nAs parcerias entre institui\u00e7\u00f5es e universidades possibilitam o embarque de pesquisadores, professores e alunos, contribuindo com o apoio \u00e0 pesquisa e \u00e0 comunidade cient\u00edfica, por parte da Marinha do Brasil (MB). O interc\u00e2mbio de conhecimentos com o setor acad\u00eamico permite uma sinergia entre os diversos setores envolvidos com a pesquisa nas \u00e1guas jurisdicionais brasileiras.<\/p>\n<p>Segundo o Comandante do NHo \u201cCruzeiro do Sul\u201d, Capit\u00e3o de Fragata Claudio Luiz Pereira Batista, a opera\u00e7\u00e3o dos equipamentos hidroceanogr\u00e1ficos \u00e9 complexa, fazendo com que seja imprescind\u00edvel a presen\u00e7a de militares especializados. \u201cO tempo necess\u00e1rio para executar a sondagem de \u00e1reas extensas exige que a tripula\u00e7\u00e3o permane\u00e7a operando por at\u00e9 17 dias consecutivos, afastada de costa, e, por vezes, sob condi\u00e7\u00f5es meteorol\u00f3gicas desfavor\u00e1veis, o que exige uma tripula\u00e7\u00e3o altamente adestrada\u201d, explicou.<\/p>\n<p>Para a professora Narelle Maia de Almeida, do Departamento de Geologia da Universidade Federal do Cear\u00e1, grande parte das institui\u00e7\u00f5es de pesquisas e universidades brasileiras n\u00e3o possuem embarca\u00e7\u00f5es para a realiza\u00e7\u00e3o de pesquisas no oceano, e, por isso, a parceria entre as institui\u00e7\u00f5es e a MB \u00e9 essencial. \u201cDiversos projetos j\u00e1 foram e continuam sendo desenvolvidos conjuntamente, os quais contribuem ativamente na amplia\u00e7\u00e3o consider\u00e1vel do conhecimento da margem continental brasileira e do Atl\u00e2ntico Sul, em seus v\u00e1rios aspectos: cient\u00edficos, acad\u00eamicos, estrat\u00e9gicos, de soberania nacional, de gest\u00e3o ambiental, de divulga\u00e7\u00e3o e de forma\u00e7\u00e3o de recursos humanos\u201d, destacou a professora.<\/p>\n<p>Um exemplo de a\u00e7\u00e3o desempenhada na comiss\u00e3o \u201cPro Amaz\u00f4nia Azul I\u201d foi a coleta de dados batim\u00e9tricos, que \u00e9 a medi\u00e7\u00e3o de profundidade em um determinado local,\u00a0 em algumas \u00e1reas pr\u00f3ximas ao litoral do Rio Grande do Norte que eram praticamente inexistentes. Com isso, a a\u00e7\u00e3o conjunta da comiss\u00e3o possibilitou a caracteriza\u00e7\u00e3o de c\u00e2nions submarinos e uma melhor descri\u00e7\u00e3o de fundo marinho da Bacia Potiguar.<\/p>\n<p>A professora Helenice Vital, do Departamento de Geologia da UFRN e coordenadora dos Projetos SeabedMap, Geohazards e Tect\u00f4nica, explicou que estes dados coletados no litoral do Rio Grande do Norte auxiliar\u00e3o a minimizar uma grande lacuna no campo da oceanografia geol\u00f3gica e geologia marinha brasileira, atrav\u00e9s do Mapeamento Geol\u00f3gico da Margem Equatorial Brasileira. \u201cDiversos c\u00e2nions submarinos nunca antes conhecidos foram mapeados detalhadamente. Imagens deslumbrantes foram adquiridas e a partir dos produtos poder\u00e3o ser gerados mapas precisos e minuciosos que auxiliar\u00e3o no Planejamento Espacial Marinho da regi\u00e3o e no desenvolvimento de uma economia azul sustent\u00e1vel\u201d, explicou.<\/p>\n<p>Os levantamentos hidroceanogr\u00e1ficos, do ponto de vista nacional, s\u00e3o importantes n\u00e3o apenas cientificamente, mas tamb\u00e9m estrategicamente e para a soberania da na\u00e7\u00e3o.\u201cConhecer a Amaz\u00f4nia Azul promove informa\u00e7\u00f5es concretas para a implanta\u00e7\u00e3o de relevantes pol\u00edticas p\u00fablicas, para a gest\u00e3o eficiente dos recursos naturais das zonas costeira e oce\u00e2nica do Pa\u00eds, bem como supre dados para o Banco Nacional de Dados Oceanogr\u00e1ficos e, consequentemente, para a Infraestrutura Nacional de Dados Espaciais Marinhos\u201d, conclui o Capit\u00e3o de Fragata Claudio.<\/p>\n<p>Fonte: Defesa em Foco<\/p>\n","protected":false},"excerpt":{"rendered":"<p>Apesar dos oceanos e mares cobrirem 71% do planeta, a Organiza\u00e7\u00e3o das Na\u00e7\u00f5es Unidas\u00a0 (ONU) estima que menos de 5% dessa massa de \u00e1gua seja&#8230;<\/p>\n","protected":false},"author":1527,"featured_media":41529,"comment_status":"closed","ping_status":"closed","sticky":false,"template":"","format":"standard","meta":{"footnotes":""},"categories":[6],"tags":[],"class_list":["post-41528","post","type-post","status-publish","format-standard","has-post-thumbnail","hentry","category-noticias"],"_links":{"self":[{"href":"https:\/\/www.sincomam.org.br\/index.php\/wp-json\/wp\/v2\/posts\/41528","targetHints":{"allow":["GET"]}}],"collection":[{"href":"https:\/\/www.sincomam.org.br\/index.php\/wp-json\/wp\/v2\/posts"}],"about":[{"href":"https:\/\/www.sincomam.org.br\/index.php\/wp-json\/wp\/v2\/types\/post"}],"author":[{"embeddable":true,"href":"https:\/\/www.sincomam.org.br\/index.php\/wp-json\/wp\/v2\/users\/1527"}],"replies":[{"embeddable":true,"href":"https:\/\/www.sincomam.org.br\/index.php\/wp-json\/wp\/v2\/comments?post=41528"}],"version-history":[{"count":1,"href":"https:\/\/www.sincomam.org.br\/index.php\/wp-json\/wp\/v2\/posts\/41528\/revisions"}],"predecessor-version":[{"id":41530,"href":"https:\/\/www.sincomam.org.br\/index.php\/wp-json\/wp\/v2\/posts\/41528\/revisions\/41530"}],"wp:featuredmedia":[{"embeddable":true,"href":"https:\/\/www.sincomam.org.br\/index.php\/wp-json\/wp\/v2\/media\/41529"}],"wp:attachment":[{"href":"https:\/\/www.sincomam.org.br\/index.php\/wp-json\/wp\/v2\/media?parent=41528"}],"wp:term":[{"taxonomy":"category","embeddable":true,"href":"https:\/\/www.sincomam.org.br\/index.php\/wp-json\/wp\/v2\/categories?post=41528"},{"taxonomy":"post_tag","embeddable":true,"href":"https:\/\/www.sincomam.org.br\/index.php\/wp-json\/wp\/v2\/tags?post=41528"}],"curies":[{"name":"wp","href":"https:\/\/api.w.org\/{rel}","templated":true}]}}