{"id":41500,"date":"2022-09-22T08:20:44","date_gmt":"2022-09-22T11:20:44","guid":{"rendered":"http:\/\/www.sincomam.org.br\/?p=41500"},"modified":"2022-09-22T08:20:44","modified_gmt":"2022-09-22T11:20:44","slug":"fim-do-rol-taxativo-que-limita-cobertura-dos-tratamentos-nos-planos-de-saude","status":"publish","type":"post","link":"https:\/\/www.sincomam.org.br\/index.php\/fim-do-rol-taxativo-que-limita-cobertura-dos-tratamentos-nos-planos-de-saude\/","title":{"rendered":"Fim do rol taxativo que limita cobertura dos tratamentos nos planos de sa\u00fade"},"content":{"rendered":"<p>Foi sancionada nesta quarta-feira (21) o projeto de lei que acaba com a limita\u00e7\u00e3o de procedimentos cobertos pelos planos de sa\u00fade, o chamado rol taxativo da Ag\u00eancia Nacional de Sa\u00fade Suplementar (ANS), respons\u00e1vel pela regulamenta\u00e7\u00e3o das operadoras do setor privado.<img decoding=\"async\" src=\"https:\/\/agenciabrasil.ebc.com.br\/ebc.png?id=1483660&amp;o=node\" \/><img decoding=\"async\" src=\"https:\/\/agenciabrasil.ebc.com.br\/ebc.gif?id=1483660&amp;o=node\" \/><\/p>\n<p>Segundo a ANS, o rol taxativo \u00e9 uma lista de procedimentos em sa\u00fade, aprovada por meio de resolu\u00e7\u00e3o da ag\u00eancia e atualizada periodicamente, na qual s\u00e3o inclu\u00eddos os exames e tratamentos com cobertura obrigat\u00f3ria pelos planos de sa\u00fade, conforme a segmenta\u00e7\u00e3o assistencial do plano.<\/p>\n<p>O texto tinha sido aprovado no fim de agosto pelo Senado Federal, por unanimidade, vindo da C\u00e2mara dos Deputados. O tema chegou ao Congresso Nacional ap\u00f3s decis\u00e3o do Superior Tribunal de Justi\u00e7a (STJ), em junho, que\u00a0desobrigou\u00a0os planos de sa\u00fade de arcar com tratamentos, exames e medicamentos n\u00e3o previstos pela ANS. Antes disso, os casos fora do rol costumavam ser resolvidos na Justi\u00e7a.<\/p>\n<p>De acordo com o governo federal, a san\u00e7\u00e3o da lei, que agora entra em vigor, busca evitar a descontinuidade de tratamentos m\u00e9dicos, especialmente daqueles que sofrem de doen\u00e7as raras.<\/p>\n<p>Conforme o texto, para que o plano de sa\u00fade seja obrigado a cobrir determinado tratamento, \u00e9 necess\u00e1rio que este tenha efic\u00e1cia comprovada; seja recomendado pela Comiss\u00e3o Nacional de Incorpora\u00e7\u00e3o de Tecnologias (Conitec) no Sistema \u00danico de Sa\u00fade (SUS) ou por alguma entidade especializada de renome internacional.<\/p>\n<p>Outra modifica\u00e7\u00e3o trazida pela lei \u00e9 o dispositivo que passa a determinar que as pessoas jur\u00eddicas de direito privado que operam planos de assist\u00eancia \u00e0 sa\u00fade tamb\u00e9m estejam submetidas \u00e0s disposi\u00e7\u00f5es do C\u00f3digo de Defesa do Consumidor (Lei n\u00ba 8.078\/1990).<\/p>\n<p>Fonte: Ag\u00eancia Brasil<\/p>\n","protected":false},"excerpt":{"rendered":"<p>Foi sancionada nesta quarta-feira (21) o projeto de lei que acaba com a limita\u00e7\u00e3o de procedimentos cobertos pelos planos de sa\u00fade, o chamado rol taxativo&#8230;<\/p>\n","protected":false},"author":1527,"featured_media":30179,"comment_status":"closed","ping_status":"closed","sticky":false,"template":"","format":"standard","meta":{"footnotes":""},"categories":[6],"tags":[],"class_list":["post-41500","post","type-post","status-publish","format-standard","has-post-thumbnail","hentry","category-noticias"],"_links":{"self":[{"href":"https:\/\/www.sincomam.org.br\/index.php\/wp-json\/wp\/v2\/posts\/41500","targetHints":{"allow":["GET"]}}],"collection":[{"href":"https:\/\/www.sincomam.org.br\/index.php\/wp-json\/wp\/v2\/posts"}],"about":[{"href":"https:\/\/www.sincomam.org.br\/index.php\/wp-json\/wp\/v2\/types\/post"}],"author":[{"embeddable":true,"href":"https:\/\/www.sincomam.org.br\/index.php\/wp-json\/wp\/v2\/users\/1527"}],"replies":[{"embeddable":true,"href":"https:\/\/www.sincomam.org.br\/index.php\/wp-json\/wp\/v2\/comments?post=41500"}],"version-history":[{"count":1,"href":"https:\/\/www.sincomam.org.br\/index.php\/wp-json\/wp\/v2\/posts\/41500\/revisions"}],"predecessor-version":[{"id":41501,"href":"https:\/\/www.sincomam.org.br\/index.php\/wp-json\/wp\/v2\/posts\/41500\/revisions\/41501"}],"wp:featuredmedia":[{"embeddable":true,"href":"https:\/\/www.sincomam.org.br\/index.php\/wp-json\/wp\/v2\/media\/30179"}],"wp:attachment":[{"href":"https:\/\/www.sincomam.org.br\/index.php\/wp-json\/wp\/v2\/media?parent=41500"}],"wp:term":[{"taxonomy":"category","embeddable":true,"href":"https:\/\/www.sincomam.org.br\/index.php\/wp-json\/wp\/v2\/categories?post=41500"},{"taxonomy":"post_tag","embeddable":true,"href":"https:\/\/www.sincomam.org.br\/index.php\/wp-json\/wp\/v2\/tags?post=41500"}],"curies":[{"name":"wp","href":"https:\/\/api.w.org\/{rel}","templated":true}]}}