{"id":41496,"date":"2022-09-22T08:16:20","date_gmt":"2022-09-22T11:16:20","guid":{"rendered":"http:\/\/www.sincomam.org.br\/?p=41496"},"modified":"2022-09-22T08:16:20","modified_gmt":"2022-09-22T11:16:20","slug":"escola-naval-realiza-regata-ecologica","status":"publish","type":"post","link":"https:\/\/www.sincomam.org.br\/index.php\/escola-naval-realiza-regata-ecologica\/","title":{"rendered":"Escola Naval realiza Regata Ecol\u00f3gica"},"content":{"rendered":"<p>No dia 17 de setembro, Dia Mundial da Limpeza, a Escola Naval realizou a Regata Ecol\u00f3gica alusiva ao Bicenten\u00e1rio da Independ\u00eancia do Brasil. A competi\u00e7\u00e3o teve sua largada na Escola Naval com chegada na Marina da Gl\u00f3ria, onde ocorreram exposi\u00e7\u00f5es, abertas ao p\u00fablico, sobre projetos relacionados \u00e0 manuten\u00e7\u00e3o do ecossistema marinho e preserva\u00e7\u00e3o ambiental.<\/p>\n<p>A regata ecol\u00f3gica foi criada em 1998 com o prop\u00f3sito de desenvolver a consci\u00eancia ecol\u00f3gica n\u00e3o s\u00f3 dos futuros Oficiais, mas tamb\u00e9m da sociedade civil participante do evento. Planejada e realizada anualmente pelo Gr\u00eamio de Vela da Escola Naval (GVEN), a regata consiste em uma competi\u00e7\u00e3o tipo gincana formada por equipes mistas de Aspirantes e volunt\u00e1rios de projetos voltados \u00e0 preserva\u00e7\u00e3o do meio ambiente com o prop\u00f3sito de coletar a maior quantidade de lixo poss\u00edvel da Ba\u00eda de Guanabara.<\/p>\n<p>Em sua 22\u00aa edi\u00e7\u00e3o, o evento contou com a participa\u00e7\u00e3o de cerca de 100 pessoas que, a bordo das embarca\u00e7\u00f5es do GVEN (veleiros oce\u00e2nicos, veleiros J\/24, caiaques e escaleres \u00e0 vela), contribu\u00edram para a limpeza das \u00e1guas da Ba\u00eda de Guanabara e para a conscientiza\u00e7\u00e3o da prote\u00e7\u00e3o da Amaz\u00f4nia Azul, mares e oceanos. O Veleiro Oce\u00e2nico \u201cSarga\u00e7o\u201d ganhou a categoria \u201clixo mais ex\u00f3tico\u201d com a carca\u00e7a de uma embarca\u00e7\u00e3o naufragada.<\/p>\n<p>A regata foi realizada em parceria com a BR Marinas, Bossa Nova Mall, Qualicorp, Capemisa e Abrigo do Marinheiro, sendo coletados 50 quilos de lixo flutuante, que, ap\u00f3s passar por processos de triagem em uma central de res\u00edduos, receberam destina\u00e7\u00e3o adequada.<\/p>\n<p>Fonte: Defesa em Foco<\/p>\n","protected":false},"excerpt":{"rendered":"<p>No dia 17 de setembro, Dia Mundial da Limpeza, a Escola Naval realizou a Regata Ecol\u00f3gica alusiva ao Bicenten\u00e1rio da Independ\u00eancia do Brasil. A competi\u00e7\u00e3o&#8230;<\/p>\n","protected":false},"author":1527,"featured_media":41498,"comment_status":"closed","ping_status":"closed","sticky":false,"template":"","format":"standard","meta":{"footnotes":""},"categories":[6],"tags":[],"class_list":["post-41496","post","type-post","status-publish","format-standard","has-post-thumbnail","hentry","category-noticias"],"_links":{"self":[{"href":"https:\/\/www.sincomam.org.br\/index.php\/wp-json\/wp\/v2\/posts\/41496","targetHints":{"allow":["GET"]}}],"collection":[{"href":"https:\/\/www.sincomam.org.br\/index.php\/wp-json\/wp\/v2\/posts"}],"about":[{"href":"https:\/\/www.sincomam.org.br\/index.php\/wp-json\/wp\/v2\/types\/post"}],"author":[{"embeddable":true,"href":"https:\/\/www.sincomam.org.br\/index.php\/wp-json\/wp\/v2\/users\/1527"}],"replies":[{"embeddable":true,"href":"https:\/\/www.sincomam.org.br\/index.php\/wp-json\/wp\/v2\/comments?post=41496"}],"version-history":[{"count":1,"href":"https:\/\/www.sincomam.org.br\/index.php\/wp-json\/wp\/v2\/posts\/41496\/revisions"}],"predecessor-version":[{"id":41499,"href":"https:\/\/www.sincomam.org.br\/index.php\/wp-json\/wp\/v2\/posts\/41496\/revisions\/41499"}],"wp:featuredmedia":[{"embeddable":true,"href":"https:\/\/www.sincomam.org.br\/index.php\/wp-json\/wp\/v2\/media\/41498"}],"wp:attachment":[{"href":"https:\/\/www.sincomam.org.br\/index.php\/wp-json\/wp\/v2\/media?parent=41496"}],"wp:term":[{"taxonomy":"category","embeddable":true,"href":"https:\/\/www.sincomam.org.br\/index.php\/wp-json\/wp\/v2\/categories?post=41496"},{"taxonomy":"post_tag","embeddable":true,"href":"https:\/\/www.sincomam.org.br\/index.php\/wp-json\/wp\/v2\/tags?post=41496"}],"curies":[{"name":"wp","href":"https:\/\/api.w.org\/{rel}","templated":true}]}}