{"id":41491,"date":"2022-09-22T08:12:57","date_gmt":"2022-09-22T11:12:57","guid":{"rendered":"http:\/\/www.sincomam.org.br\/?p=41491"},"modified":"2022-09-22T08:12:57","modified_gmt":"2022-09-22T11:12:57","slug":"acelen-adquire-primeira-carga-de-petroleo-do-brasil-com-logistica-maritima-carbono-zero","status":"publish","type":"post","link":"https:\/\/www.sincomam.org.br\/index.php\/acelen-adquire-primeira-carga-de-petroleo-do-brasil-com-logistica-maritima-carbono-zero\/","title":{"rendered":"Acelen adquire primeira carga de petr\u00f3leo do Brasil com log\u00edstica mar\u00edtima carbono zero"},"content":{"rendered":"<p>Em uma iniciativa in\u00e9dita, a Acelen adquiriu uma carga de petr\u00f3leo com neutraliza\u00e7\u00e3o de todo o carbono gerado na log\u00edstica mar\u00edtima para ser processado na Refinaria de Mataripe (BA). Esta \u00e9 a primeira vez que \u00e9 praticada pegada zero de carbono na log\u00edstica mar\u00edtima de petr\u00f3leo no Brasil, o que coloca a empresa na vanguarda, fortalecendo o seu compromisso com a sustentabilidade e o meio ambiente.<\/p>\n<p>Proveniente do Congo, a carga de 920 mil barris de \u00f3leo bruto chegou no fim de agosto, ap\u00f3s travessia de mais de tr\u00eas mil milhas pelo Oceano Atl\u00e2ntico. Durante os 11 dias de viagem para transportar a carga at\u00e9 a costa baiana, foram consumidas 554 toneladas de bunker, o que gerou 1.789 toneladas de CO\u00b2.<\/p>\n<p>Os cr\u00e9ditos foram gerados atrav\u00e9s do Projeto Envira Amazonia REDD, que funciona como um pagamento para projetos de conserva\u00e7\u00e3o de ecossistemas e compensa\u00e7\u00e3o de carbono florestal, e ser\u00e3o aplicados em territ\u00f3rio brasileiro. Os projetos s\u00e3o registrados na Verified Carbon Standard (VCS), padr\u00e3o de qualidade mais utilizado para contabiliza\u00e7\u00e3o de carbono e um dos mais confi\u00e1veis no mercado volunt\u00e1rio no mundo.<\/p>\n<p>A iniciativa segue uma pr\u00e1tica cada vez mais comum no trade europeu e, destaca a companhia, faz parte do compromisso da Acelen de atuar com excel\u00eancia do ponto de vista social, ambiental e de governan\u00e7a. \u201cA responsabilidade socioambiental \u00e9 um dos pilares do nosso neg\u00f3cio. Com o feito in\u00e9dito, esperamos incentivar outros agentes da cadeia produtiva do setor de refino, desde a extra\u00e7\u00e3o do petr\u00f3leo ao cliente que vai no posto abastecer, para a ado\u00e7\u00e3o de pr\u00e1ticas mais sustent\u00e1veis. Dessa forma, vamos construir uma cadeia de valor com benef\u00edcios coletivos, contribuindo para um mundo mais sustent\u00e1vel\u201d, destacou o vice-presidente de Comercial e Trading da Acelen, Cristiano da Costa.<\/p>\n<p>A carga do petr\u00f3leo tipo Djeno saiu do Congo dia 15 de agosto e chegou a Salvador no dia 26. A estimativa \u00e9 que, ainda em setembro, os produtos resultantes dessa mat\u00e9ria-prima comecem a ser distribu\u00eddos pela Acelen no mercado nacional e internacional.<\/p>\n<p>Fonte: Portos e Navios<\/p>\n","protected":false},"excerpt":{"rendered":"<p>Em uma iniciativa in\u00e9dita, a Acelen adquiriu uma carga de petr\u00f3leo com neutraliza\u00e7\u00e3o de todo o carbono gerado na log\u00edstica mar\u00edtima para ser processado na&#8230;<\/p>\n","protected":false},"author":1527,"featured_media":41492,"comment_status":"closed","ping_status":"closed","sticky":false,"template":"","format":"standard","meta":{"footnotes":""},"categories":[6],"tags":[],"class_list":["post-41491","post","type-post","status-publish","format-standard","has-post-thumbnail","hentry","category-noticias"],"_links":{"self":[{"href":"https:\/\/www.sincomam.org.br\/index.php\/wp-json\/wp\/v2\/posts\/41491","targetHints":{"allow":["GET"]}}],"collection":[{"href":"https:\/\/www.sincomam.org.br\/index.php\/wp-json\/wp\/v2\/posts"}],"about":[{"href":"https:\/\/www.sincomam.org.br\/index.php\/wp-json\/wp\/v2\/types\/post"}],"author":[{"embeddable":true,"href":"https:\/\/www.sincomam.org.br\/index.php\/wp-json\/wp\/v2\/users\/1527"}],"replies":[{"embeddable":true,"href":"https:\/\/www.sincomam.org.br\/index.php\/wp-json\/wp\/v2\/comments?post=41491"}],"version-history":[{"count":1,"href":"https:\/\/www.sincomam.org.br\/index.php\/wp-json\/wp\/v2\/posts\/41491\/revisions"}],"predecessor-version":[{"id":41493,"href":"https:\/\/www.sincomam.org.br\/index.php\/wp-json\/wp\/v2\/posts\/41491\/revisions\/41493"}],"wp:featuredmedia":[{"embeddable":true,"href":"https:\/\/www.sincomam.org.br\/index.php\/wp-json\/wp\/v2\/media\/41492"}],"wp:attachment":[{"href":"https:\/\/www.sincomam.org.br\/index.php\/wp-json\/wp\/v2\/media?parent=41491"}],"wp:term":[{"taxonomy":"category","embeddable":true,"href":"https:\/\/www.sincomam.org.br\/index.php\/wp-json\/wp\/v2\/categories?post=41491"},{"taxonomy":"post_tag","embeddable":true,"href":"https:\/\/www.sincomam.org.br\/index.php\/wp-json\/wp\/v2\/tags?post=41491"}],"curies":[{"name":"wp","href":"https:\/\/api.w.org\/{rel}","templated":true}]}}