{"id":41484,"date":"2022-09-22T08:26:37","date_gmt":"2022-09-22T11:26:37","guid":{"rendered":"http:\/\/www.sincomam.org.br\/?p=41484"},"modified":"2022-09-22T08:24:56","modified_gmt":"2022-09-22T11:24:56","slug":"sincomam-presente-nas-comemoracoes-do-dia-maritimo-mundial","status":"publish","type":"post","link":"https:\/\/www.sincomam.org.br\/index.php\/sincomam-presente-nas-comemoracoes-do-dia-maritimo-mundial\/","title":{"rendered":"Sincomam presente nas comemora\u00e7\u00f5es do Dia Mar\u00edtimo Mundial"},"content":{"rendered":"<p style=\"font-weight: 400;\">A convite do Diretor de Portos e Costas toda a diretoria do SINCOMAM estar\u00e1 presente na cerimonia alusiva ao Dia Mar\u00edtimo Mundial ocorrer\u00e1 no dia 29 de setembro de 2022, \u00e0s 10:30, no Centro de Instru\u00e7\u00e3o Almirante Gra\u00e7a Aranha (CIAGA), na Avenida Brasil, no Rio de Janeiro. A data \u00e9 comemorada todos os anos pela Organiza\u00e7\u00e3o Mar\u00edtima Internacional para destacar a import\u00e2ncia das ind\u00fastrias mar\u00edtimas no com\u00e9rcio internacional.<\/p>\n","protected":false},"excerpt":{"rendered":"<p>A convite do Diretor de Portos e Costas toda a diretoria do SINCOMAM estar\u00e1 presente na cerimonia alusiva ao Dia Mar\u00edtimo Mundial ocorrer\u00e1 no dia&#8230;<\/p>\n","protected":false},"author":1527,"featured_media":41485,"comment_status":"closed","ping_status":"closed","sticky":false,"template":"","format":"standard","meta":{"footnotes":""},"categories":[6],"tags":[],"class_list":["post-41484","post","type-post","status-publish","format-standard","has-post-thumbnail","hentry","category-noticias"],"_links":{"self":[{"href":"https:\/\/www.sincomam.org.br\/index.php\/wp-json\/wp\/v2\/posts\/41484","targetHints":{"allow":["GET"]}}],"collection":[{"href":"https:\/\/www.sincomam.org.br\/index.php\/wp-json\/wp\/v2\/posts"}],"about":[{"href":"https:\/\/www.sincomam.org.br\/index.php\/wp-json\/wp\/v2\/types\/post"}],"author":[{"embeddable":true,"href":"https:\/\/www.sincomam.org.br\/index.php\/wp-json\/wp\/v2\/users\/1527"}],"replies":[{"embeddable":true,"href":"https:\/\/www.sincomam.org.br\/index.php\/wp-json\/wp\/v2\/comments?post=41484"}],"version-history":[{"count":2,"href":"https:\/\/www.sincomam.org.br\/index.php\/wp-json\/wp\/v2\/posts\/41484\/revisions"}],"predecessor-version":[{"id":41503,"href":"https:\/\/www.sincomam.org.br\/index.php\/wp-json\/wp\/v2\/posts\/41484\/revisions\/41503"}],"wp:featuredmedia":[{"embeddable":true,"href":"https:\/\/www.sincomam.org.br\/index.php\/wp-json\/wp\/v2\/media\/41485"}],"wp:attachment":[{"href":"https:\/\/www.sincomam.org.br\/index.php\/wp-json\/wp\/v2\/media?parent=41484"}],"wp:term":[{"taxonomy":"category","embeddable":true,"href":"https:\/\/www.sincomam.org.br\/index.php\/wp-json\/wp\/v2\/categories?post=41484"},{"taxonomy":"post_tag","embeddable":true,"href":"https:\/\/www.sincomam.org.br\/index.php\/wp-json\/wp\/v2\/tags?post=41484"}],"curies":[{"name":"wp","href":"https:\/\/api.w.org\/{rel}","templated":true}]}}