{"id":41478,"date":"2022-09-22T08:26:15","date_gmt":"2022-09-22T11:26:15","guid":{"rendered":"http:\/\/www.sincomam.org.br\/?p=41478"},"modified":"2022-09-22T08:25:43","modified_gmt":"2022-09-22T11:25:43","slug":"diretoria-do-sincomam-palestram-sobre-a-importancia-do-sindicato-na-trajetoria-dos-cdms-em-belem","status":"publish","type":"post","link":"https:\/\/www.sincomam.org.br\/index.php\/diretoria-do-sincomam-palestram-sobre-a-importancia-do-sindicato-na-trajetoria-dos-cdms-em-belem\/","title":{"rendered":"Diretoria do Sincomam palestram sobre a import\u00e2ncia do sindicato na trajet\u00f3ria dos CDMs, em Bel\u00e9m"},"content":{"rendered":"<p><a href=\"https:\/\/www.sincomam.org.br\/wp-content\/uploads\/2022\/09\/foto-ciaba-2-1.jpg\"><img fetchpriority=\"high\" decoding=\"async\" class=\"size-medium wp-image-41480 alignleft\" src=\"https:\/\/www.sincomam.org.br\/wp-content\/uploads\/2022\/09\/foto-ciaba-2-1-300x225.jpg\" alt=\"\" width=\"300\" height=\"225\" srcset=\"https:\/\/www.sincomam.org.br\/wp-content\/uploads\/2022\/09\/foto-ciaba-2-1-300x225.jpg 300w, https:\/\/www.sincomam.org.br\/wp-content\/uploads\/2022\/09\/foto-ciaba-2-1-1024x768.jpg 1024w, https:\/\/www.sincomam.org.br\/wp-content\/uploads\/2022\/09\/foto-ciaba-2-1-768x576.jpg 768w, https:\/\/www.sincomam.org.br\/wp-content\/uploads\/2022\/09\/foto-ciaba-2-1-1536x1152.jpg 1536w, https:\/\/www.sincomam.org.br\/wp-content\/uploads\/2022\/09\/foto-ciaba-2-1.jpg 1600w\" sizes=\"(max-width: 300px) 100vw, 300px\" \/><\/a>No dia 15\/09, o presidente do sindicato, Sr. Alcir Albernoz, juntamente do Coordenador F\u00e1bio Bastos, se deslocaram da sede SINCOMAM no Rio de Janeiro com destino \u00e0 Bel\u00e9m &#8211; PA, no intuito de apresentar a import\u00e2ncia do sindicato na trajet\u00f3ria dos CDMs, atrav\u00e9s de uma palestra did\u00e1tica aos alunos CAAQ e APAQ 2022.<\/p>\n<p>Expressamos aqui a nossa gratid\u00e3o ao CIABA pela recep\u00e7\u00e3o e abertura para essa conex\u00e3o entre os alunos e sindicato, empenhamos esfor\u00e7os e continuaremos na labuta pela defesa da Categoria que representamos com tanto zelo e compet\u00eancia.\u00a0 Nosso dever de of\u00edcio \u00e9 levar o nome do Sindicato e lutar pelos direitos e interesses da categoria.<\/p>\n<p>&nbsp;<\/p>\n","protected":false},"excerpt":{"rendered":"<p>No dia 15\/09, o presidente do sindicato, Sr. Alcir Albernoz, juntamente do Coordenador F\u00e1bio Bastos, se deslocaram da sede SINCOMAM no Rio de Janeiro com&#8230;<\/p>\n","protected":false},"author":1527,"featured_media":41481,"comment_status":"closed","ping_status":"closed","sticky":false,"template":"","format":"standard","meta":{"footnotes":""},"categories":[6],"tags":[],"class_list":["post-41478","post","type-post","status-publish","format-standard","has-post-thumbnail","hentry","category-noticias"],"_links":{"self":[{"href":"https:\/\/www.sincomam.org.br\/index.php\/wp-json\/wp\/v2\/posts\/41478","targetHints":{"allow":["GET"]}}],"collection":[{"href":"https:\/\/www.sincomam.org.br\/index.php\/wp-json\/wp\/v2\/posts"}],"about":[{"href":"https:\/\/www.sincomam.org.br\/index.php\/wp-json\/wp\/v2\/types\/post"}],"author":[{"embeddable":true,"href":"https:\/\/www.sincomam.org.br\/index.php\/wp-json\/wp\/v2\/users\/1527"}],"replies":[{"embeddable":true,"href":"https:\/\/www.sincomam.org.br\/index.php\/wp-json\/wp\/v2\/comments?post=41478"}],"version-history":[{"count":1,"href":"https:\/\/www.sincomam.org.br\/index.php\/wp-json\/wp\/v2\/posts\/41478\/revisions"}],"predecessor-version":[{"id":41482,"href":"https:\/\/www.sincomam.org.br\/index.php\/wp-json\/wp\/v2\/posts\/41478\/revisions\/41482"}],"wp:featuredmedia":[{"embeddable":true,"href":"https:\/\/www.sincomam.org.br\/index.php\/wp-json\/wp\/v2\/media\/41481"}],"wp:attachment":[{"href":"https:\/\/www.sincomam.org.br\/index.php\/wp-json\/wp\/v2\/media?parent=41478"}],"wp:term":[{"taxonomy":"category","embeddable":true,"href":"https:\/\/www.sincomam.org.br\/index.php\/wp-json\/wp\/v2\/categories?post=41478"},{"taxonomy":"post_tag","embeddable":true,"href":"https:\/\/www.sincomam.org.br\/index.php\/wp-json\/wp\/v2\/tags?post=41478"}],"curies":[{"name":"wp","href":"https:\/\/api.w.org\/{rel}","templated":true}]}}