{"id":41469,"date":"2022-09-21T00:55:19","date_gmt":"2022-09-21T03:55:19","guid":{"rendered":"http:\/\/www.sincomam.org.br\/?p=41469"},"modified":"2022-09-21T00:55:19","modified_gmt":"2022-09-21T03:55:19","slug":"anp-interdita-navio-plataforma-com-risco-de-explosao-na-costa-do-es","status":"publish","type":"post","link":"https:\/\/www.sincomam.org.br\/index.php\/anp-interdita-navio-plataforma-com-risco-de-explosao-na-costa-do-es\/","title":{"rendered":"ANP interdita navio-plataforma com risco de explos\u00e3o na costa do ES"},"content":{"rendered":"<div class=\"mc-column content-text active-extra-styles \" data-block-type=\"unstyled\" data-block-weight=\"32\" data-block-id=\"3\">\n<p class=\"content-text__container \" data-track-category=\"Link no Texto\" data-track-links=\"\">A Ag\u00eancia Nacional do Petr\u00f3leo (ANP) interditou, nesta ter\u00e7a-feira (20), um navio-plataforma fundeado na costa do Esp\u00edrito Santo. A ag\u00eancia informou que a medida foi necess\u00e1ria pelo\u00a0<span class=\"highlight highlighted\">risco de explos\u00e3o<\/span>\u00a0da embarca\u00e7\u00e3o.<\/p>\n<\/div>\n<div class=\"wall protected-content\">\n<div class=\"mc-column content-text active-extra-styles \" data-block-type=\"unstyled\" data-block-weight=\"21\" data-block-id=\"4\">\n<p class=\"content-text__container \" data-track-category=\"Link no Texto\" data-track-links=\"\">O\u00a0<span class=\"highlight highlighted\">navio-plataforma &#8220;Cidade de\u00a0<\/span><span class=\"highlight highlighted\">Vit\u00f3ria<\/span><span class=\"highlight highlighted\">&#8220;<\/span>\u00a0fica fundeado a cerca de 50 quil\u00f4metros da costa entre as cidades de Vit\u00f3ria e Aracruz.<\/p>\n<\/div>\n<div class=\"mc-column content-text active-extra-styles \" data-block-type=\"unstyled\" data-block-weight=\"33\" data-block-id=\"5\">\n<p class=\"content-text__container \" data-track-category=\"Link no Texto\" data-track-links=\"\">Segundo a ag\u00eancia, foram identificados\u00a0<span class=\"highlight highlighted\">riscos graves<\/span>, como a\u00a0n\u00e3o detec\u00e7\u00e3o de gases perigosos, vazamento de g\u00e1s, falhas no sistema de comunica\u00e7\u00e3o, habita\u00e7\u00f5es em situa\u00e7\u00e3o de perigo e popula\u00e7\u00e3o embarcada acima da capacidade.<\/p>\n<\/div>\n<div class=\"mc-column content-text active-extra-styles \" data-block-type=\"unstyled\" data-block-weight=\"17\" data-block-id=\"8\">\n<p class=\"content-text__container \" data-track-category=\"Link no Texto\" data-track-links=\"\">A fiscaliza\u00e7\u00e3o que apontou as falhas foi realizada entre os meses de maio e junho deste ano.<\/p>\n<\/div>\n<div class=\"mc-column content-text active-extra-styles \" data-block-type=\"unstyled\" data-block-weight=\"65\" data-block-id=\"9\">\n<p class=\"content-text__container \" data-track-category=\"Link no Texto\" data-track-links=\"\">O relat\u00f3rio da ANP que determinou a interdi\u00e7\u00e3o do navio-plataforma foi obtido pelo site A Gazeta. No documento, a ag\u00eancia indica que\u00a0os problemas na embarca\u00e7\u00e3o s\u00e3o parecidos com os encontrados no navio-plataforma &#8220;Cidade de S\u00e3o Mateus&#8221;, que\u00a0explodiu, matando nove pessoas e deixando 26 feridos\u00a0em fevereiro de 2015. O acidente \u00e9 considerado o maior na \u00e1rea de petr\u00f3leo e g\u00e1s no Esp\u00edrito Santo.<\/p>\n<p data-track-category=\"Link no Texto\" data-track-links=\"\">O Sindicato dos Petroleiros do Esp\u00edrito Santo (Sindipetros-ES) considera a situa\u00e7\u00e3o como de &#8220;risco grave para os trabalhadores&#8221;.<\/p>\n<div class=\"mc-column content-text active-extra-styles \" data-block-type=\"unstyled\" data-block-weight=\"37\" data-block-id=\"13\">\n<p class=\"content-text__container \" data-track-category=\"Link no Texto\" data-track-links=\"\">Em nota, a Petrobr\u00e1s informou que &#8220;realiza atividades de acordo com os mais rigorosos padr\u00f5es internacionais de seguran\u00e7a&#8221; e que ainda durante a auditoria da ANP mandou suspender, de forma preventiva, as opera\u00e7\u00f5es do &#8220;Cidade de Vit\u00f3ria&#8221;.<\/p>\n<\/div>\n<div class=\"mc-column content-text active-extra-styles\" data-block-type=\"raw\" data-block-weight=\"6\" data-block-id=\"14\">\n<div class=\"content-intertitle\">Fonte: G1<\/div>\n<\/div>\n<\/div>\n<\/div>\n","protected":false},"excerpt":{"rendered":"<p>A Ag\u00eancia Nacional do Petr\u00f3leo (ANP) interditou, nesta ter\u00e7a-feira (20), um navio-plataforma fundeado na costa do Esp\u00edrito Santo. A ag\u00eancia informou que a medida foi&#8230;<\/p>\n","protected":false},"author":1527,"featured_media":41470,"comment_status":"closed","ping_status":"closed","sticky":false,"template":"","format":"standard","meta":{"footnotes":""},"categories":[6],"tags":[],"class_list":["post-41469","post","type-post","status-publish","format-standard","has-post-thumbnail","hentry","category-noticias"],"_links":{"self":[{"href":"https:\/\/www.sincomam.org.br\/index.php\/wp-json\/wp\/v2\/posts\/41469","targetHints":{"allow":["GET"]}}],"collection":[{"href":"https:\/\/www.sincomam.org.br\/index.php\/wp-json\/wp\/v2\/posts"}],"about":[{"href":"https:\/\/www.sincomam.org.br\/index.php\/wp-json\/wp\/v2\/types\/post"}],"author":[{"embeddable":true,"href":"https:\/\/www.sincomam.org.br\/index.php\/wp-json\/wp\/v2\/users\/1527"}],"replies":[{"embeddable":true,"href":"https:\/\/www.sincomam.org.br\/index.php\/wp-json\/wp\/v2\/comments?post=41469"}],"version-history":[{"count":1,"href":"https:\/\/www.sincomam.org.br\/index.php\/wp-json\/wp\/v2\/posts\/41469\/revisions"}],"predecessor-version":[{"id":41471,"href":"https:\/\/www.sincomam.org.br\/index.php\/wp-json\/wp\/v2\/posts\/41469\/revisions\/41471"}],"wp:featuredmedia":[{"embeddable":true,"href":"https:\/\/www.sincomam.org.br\/index.php\/wp-json\/wp\/v2\/media\/41470"}],"wp:attachment":[{"href":"https:\/\/www.sincomam.org.br\/index.php\/wp-json\/wp\/v2\/media?parent=41469"}],"wp:term":[{"taxonomy":"category","embeddable":true,"href":"https:\/\/www.sincomam.org.br\/index.php\/wp-json\/wp\/v2\/categories?post=41469"},{"taxonomy":"post_tag","embeddable":true,"href":"https:\/\/www.sincomam.org.br\/index.php\/wp-json\/wp\/v2\/tags?post=41469"}],"curies":[{"name":"wp","href":"https:\/\/api.w.org\/{rel}","templated":true}]}}