{"id":41413,"date":"2022-09-19T10:58:15","date_gmt":"2022-09-19T13:58:15","guid":{"rendered":"http:\/\/www.sincomam.org.br\/?p=41413"},"modified":"2022-09-19T10:58:15","modified_gmt":"2022-09-19T13:58:15","slug":"navio-patrulha-grajau-recebe-mais-de-7-mil-visitantes-em-tres-dias-de-visitacao-publica-no-porto-do-recife-pe","status":"publish","type":"post","link":"https:\/\/www.sincomam.org.br\/index.php\/navio-patrulha-grajau-recebe-mais-de-7-mil-visitantes-em-tres-dias-de-visitacao-publica-no-porto-do-recife-pe\/","title":{"rendered":"Navio-Patrulha \u201cGraja\u00fa\u201d recebe mais de 7 mil visitantes em tr\u00eas dias de visita\u00e7\u00e3o p\u00fablica no Porto do Recife (PE)"},"content":{"rendered":"<p>O Navio-Patrulha (NPa) \u201cGraja\u00fa\u201d recebeu 7.634 pessoas durante visita\u00e7\u00e3o p\u00fablica, nos dias 3, 4 e 7 de setembro, no Porto do Recife (PE). O evento, que teve o apoio da Capitania dos Portos de Pernambuco (CPPE), ocorreu como parte das atividades alusivas \u00e0s comemora\u00e7\u00f5es do Bicenten\u00e1rio da Independ\u00eancia do Brasil, comemorado em 2022.<\/p>\n<p>O NPa \u201cGraja\u00fa\u201d desempenha importantes tarefas na extensa \u00e1rea mar\u00edtima sob jurisdi\u00e7\u00e3o do Comando do 3\u00ba Distrito Naval, nos estados do Cear\u00e1, Rio Grande do Norte, Para\u00edba, Pernambuco e Alagoas. Dentre as atividades, destacam-se as miss\u00f5es de socorro e salvamento mar\u00edtimo, de patrulha e de inspe\u00e7\u00e3o naval, contribuindo para a salvaguarda da vida humana e para a seguran\u00e7a e controle dos interesses do Brasil no mar.<\/p>\n<p>A visita\u00e7\u00e3o p\u00fablica permitiu divulgar para a sociedade algumas das atividades realizadas pelos meios operativos da Marinha, assim como as tradi\u00e7\u00f5es navais.<\/p>\n<div class=\"td-g-rec td-g-rec-id-content_bottom td_uid_4_63285a10bdee4_rand td_block_template_11\">Fonte: Defesa em Foco<\/div>\n","protected":false},"excerpt":{"rendered":"<p>O Navio-Patrulha (NPa) \u201cGraja\u00fa\u201d recebeu 7.634 pessoas durante visita\u00e7\u00e3o p\u00fablica, nos dias 3, 4 e 7 de setembro, no Porto do Recife (PE). O evento,&#8230;<\/p>\n","protected":false},"author":1527,"featured_media":41414,"comment_status":"closed","ping_status":"closed","sticky":false,"template":"","format":"standard","meta":{"footnotes":""},"categories":[6],"tags":[],"class_list":["post-41413","post","type-post","status-publish","format-standard","has-post-thumbnail","hentry","category-noticias"],"_links":{"self":[{"href":"https:\/\/www.sincomam.org.br\/index.php\/wp-json\/wp\/v2\/posts\/41413","targetHints":{"allow":["GET"]}}],"collection":[{"href":"https:\/\/www.sincomam.org.br\/index.php\/wp-json\/wp\/v2\/posts"}],"about":[{"href":"https:\/\/www.sincomam.org.br\/index.php\/wp-json\/wp\/v2\/types\/post"}],"author":[{"embeddable":true,"href":"https:\/\/www.sincomam.org.br\/index.php\/wp-json\/wp\/v2\/users\/1527"}],"replies":[{"embeddable":true,"href":"https:\/\/www.sincomam.org.br\/index.php\/wp-json\/wp\/v2\/comments?post=41413"}],"version-history":[{"count":1,"href":"https:\/\/www.sincomam.org.br\/index.php\/wp-json\/wp\/v2\/posts\/41413\/revisions"}],"predecessor-version":[{"id":41415,"href":"https:\/\/www.sincomam.org.br\/index.php\/wp-json\/wp\/v2\/posts\/41413\/revisions\/41415"}],"wp:featuredmedia":[{"embeddable":true,"href":"https:\/\/www.sincomam.org.br\/index.php\/wp-json\/wp\/v2\/media\/41414"}],"wp:attachment":[{"href":"https:\/\/www.sincomam.org.br\/index.php\/wp-json\/wp\/v2\/media?parent=41413"}],"wp:term":[{"taxonomy":"category","embeddable":true,"href":"https:\/\/www.sincomam.org.br\/index.php\/wp-json\/wp\/v2\/categories?post=41413"},{"taxonomy":"post_tag","embeddable":true,"href":"https:\/\/www.sincomam.org.br\/index.php\/wp-json\/wp\/v2\/tags?post=41413"}],"curies":[{"name":"wp","href":"https:\/\/api.w.org\/{rel}","templated":true}]}}