{"id":4138,"date":"2014-03-13T09:13:49","date_gmt":"2014-03-13T12:13:49","guid":{"rendered":"http:\/\/www.sincomam.org.br\/?p=4138"},"modified":"2014-03-13T09:53:33","modified_gmt":"2014-03-13T12:53:33","slug":"apos-40-dias-de-greve-funcionarios-da-comperj-nao-voltam-ao-trabalho","status":"publish","type":"post","link":"https:\/\/www.sincomam.org.br\/index.php\/apos-40-dias-de-greve-funcionarios-da-comperj-nao-voltam-ao-trabalho\/","title":{"rendered":"Ap\u00f3s 40 dias de greve, oper\u00e1rios do Comperj n\u00e3o voltam ao trabalho"},"content":{"rendered":"<p><b><i>Cerca de 20 mil trabalhadores participaram de passeata em Itabora\u00ed<\/i><\/b><\/p>\n<p>Apesar de o sindicato dos trabalhadores ter decretado o fim da greve de 40 dias no Complexo Petroqu\u00edmico do Rio de Janeiro (Comperj), funcion\u00e1rios n\u00e3o voltaram nesta quarta-feira, 12, ao trabalho. Houve confronto na entrada do empreendimento. Oper\u00e1rios atiraram pedras e policiais militares do Batalh\u00e3o de Choque revidaram com bombas de efeito moral.<\/p>\n<p>Cerca de 20 mil oper\u00e1rios participaram de uma passeata de 10 quil\u00f4metros nas imedia\u00e7\u00f5es do complexo, em Itabora\u00ed, regi\u00e3o metropolitana do Rio, segundo o comandante do 35\u00ba Batalh\u00e3o da Pol\u00edcia Militar (PM), tenente-coronel Fernando Salema.<\/p>\n<p>Eles est\u00e3o insatisfeitos com a negocia\u00e7\u00e3o, ainda n\u00e3o conclu\u00edda, de reajuste salarial conduzida pelo Sindicato dos Trabalhadores da Ind\u00fastria da Constru\u00e7\u00e3o Civil e Pesada, Montagem e Manuten\u00e7\u00e3o Industrial de S\u00e3o Gon\u00e7alo, Itabora\u00ed e Regi\u00e3o (Sinticom).<\/p>\n<p>Parte dos trabalhadores tamb\u00e9m reclama n\u00e3o se sentir representada pelo sindicato. Consideram que o \u00f3rg\u00e3o tem posi\u00e7\u00e3o patronal. A greve come\u00e7ou no in\u00edcio de fevereiro, inicialmente sem o respaldo do sindicato.<\/p>\n<p>O Tribunal Regional do Trabalho (TRT) da 1\u00aa Regi\u00e3o considerou a greve abusiva h\u00e1 duas semanas e determinou a volta ao trabalho. Boa parte dos 29,2 mil oper\u00e1rios do Comperj est\u00e3o parados h\u00e1 cerca de 40 dias. Salema diz que entre 1 mil e 3 mil mant\u00eam o servi\u00e7o.<\/p>\n<p>O conflito aconteceu por volta das 8h, em frente \u00e0 entrada do complexo. Segundo o comandante, havia no local cerca de 10 mil manifestantes e 50 homens do 35\u00ba e do 12\u00ba Batalh\u00f5es e do Choque. Os policiais guardavam a entrada do empreendimento. &#8220;Eles estavam muito exaltados e havia risco de depreda\u00e7\u00e3o. Tivemos que reagir com bombas de efeito moral&#8221;, disse.<\/p>\n<p>Salema disse que, por for\u00e7a contratual, oper\u00e1rios n\u00e3o podem entrar a p\u00e9, e sim nos \u00f4nibus oferecidos pelas construtoras respons\u00e1veis pelo empreendimento.<\/p>\n<p>O comandante relatou que oper\u00e1rios quebraram placas durante a caminhada, atearam fogo em mato, lan\u00e7aram pedras os policiais e quebraram vidros do carro de som que organizava o movimento.<\/p>\n<p>&#8220;O entendimento (para voltar ao trabalho) deixou de ser conosco. Agora, \u00e9 por parte das empresas e da Petrobras&#8221;, afirmou o presidente do Sinticom, Manoel Vaz. O sindicato que representa as empresas, Sindemon, n\u00e3o comentou.<\/p>\n<p>A Petrobras tamb\u00e9m n\u00e3o se pronunciou ou disse se haver\u00e1 atraso de cronograma. A primeira unidade de refino est\u00e1 prevista para ser inaugurada em 2015.<\/p>\n<p>A proposta do sindicato era encerrar a greve e manter as negocia\u00e7\u00f5es. A categoria quer reajuste salarial de 11,5% e eleva\u00e7\u00e3o do vale alimenta\u00e7\u00e3o para R$ 450. As empresas oferecem aumento de 7%, enquanto o Minist\u00e9rio P\u00fablico do Trabalho, em uma reuni\u00e3o de concilia\u00e7\u00e3o, tentou elaborar proposta de 9%. Ambas s\u00e3o rejeitadas pelo sindicato.<\/p>\n<p>Fonte: Ag\u00eancia Estado<\/p>\n","protected":false},"excerpt":{"rendered":"<p>Cerca de 20 mil trabalhadores participaram de passeata em Itabora\u00ed Apesar de o sindicato dos trabalhadores ter decretado o fim da greve de 40 dias&#8230;<\/p>\n","protected":false},"author":1182,"featured_media":4139,"comment_status":"closed","ping_status":"closed","sticky":false,"template":"","format":"standard","meta":{"footnotes":""},"categories":[6],"tags":[360,217,244,717,359,716,59],"class_list":["post-4138","post","type-post","status-publish","format-standard","has-post-thumbnail","hentry","category-noticias","tag-comperj","tag-funcionarios","tag-greve","tag-itaborai","tag-operarios","tag-passeata","tag-rio-de-janeiro"],"_links":{"self":[{"href":"https:\/\/www.sincomam.org.br\/index.php\/wp-json\/wp\/v2\/posts\/4138","targetHints":{"allow":["GET"]}}],"collection":[{"href":"https:\/\/www.sincomam.org.br\/index.php\/wp-json\/wp\/v2\/posts"}],"about":[{"href":"https:\/\/www.sincomam.org.br\/index.php\/wp-json\/wp\/v2\/types\/post"}],"author":[{"embeddable":true,"href":"https:\/\/www.sincomam.org.br\/index.php\/wp-json\/wp\/v2\/users\/1182"}],"replies":[{"embeddable":true,"href":"https:\/\/www.sincomam.org.br\/index.php\/wp-json\/wp\/v2\/comments?post=4138"}],"version-history":[{"count":3,"href":"https:\/\/www.sincomam.org.br\/index.php\/wp-json\/wp\/v2\/posts\/4138\/revisions"}],"predecessor-version":[{"id":4145,"href":"https:\/\/www.sincomam.org.br\/index.php\/wp-json\/wp\/v2\/posts\/4138\/revisions\/4145"}],"wp:featuredmedia":[{"embeddable":true,"href":"https:\/\/www.sincomam.org.br\/index.php\/wp-json\/wp\/v2\/media\/4139"}],"wp:attachment":[{"href":"https:\/\/www.sincomam.org.br\/index.php\/wp-json\/wp\/v2\/media?parent=4138"}],"wp:term":[{"taxonomy":"category","embeddable":true,"href":"https:\/\/www.sincomam.org.br\/index.php\/wp-json\/wp\/v2\/categories?post=4138"},{"taxonomy":"post_tag","embeddable":true,"href":"https:\/\/www.sincomam.org.br\/index.php\/wp-json\/wp\/v2\/tags?post=4138"}],"curies":[{"name":"wp","href":"https:\/\/api.w.org\/{rel}","templated":true}]}}