{"id":41361,"date":"2022-09-14T08:37:53","date_gmt":"2022-09-14T11:37:53","guid":{"rendered":"http:\/\/www.sincomam.org.br\/?p=41361"},"modified":"2022-09-14T08:37:53","modified_gmt":"2022-09-14T11:37:53","slug":"museu-do-cfn-tem-exposicao-gratuita-aberta-ao-publico","status":"publish","type":"post","link":"https:\/\/www.sincomam.org.br\/index.php\/museu-do-cfn-tem-exposicao-gratuita-aberta-ao-publico\/","title":{"rendered":"Museu do CFN tem exposi\u00e7\u00e3o gratuita aberta ao p\u00fablico"},"content":{"rendered":"<p>\u00c0s margens do Rio Ipiranga no dia 7 de setembro de 1822, D. Pedro proclamou a independ\u00eancia. Em abril daquele ano, o Ministro da Marinha \u00e0 \u00e9poca, o Almirante Joaquim Jos\u00e9 Monteiro Torres, firmou um decreto no qual ficava estabelecido que o Batalh\u00e3o de Fuzileiros Marinheiros da Brigada Real da Marinha n\u00e3o retornaria a Portugal, permanecendo no Rio de Janeiro (RJ). Tal atitude fez crescer o clima de brasilidade entre os componentes da tropa, que posteriormente lutariam em prol da independ\u00eancia nacional.<\/p>\n<p>No ano do Bicenten\u00e1rio da Independ\u00eancia, o Museu do Corpo de Fuzileiros Navais (CFN) oferece uma grande possibilidade de visitar o passado e entender a hist\u00f3ria do nosso Pa\u00eds atrav\u00e9s da trajet\u00f3ria do CFN. Localizado no s\u00edtio hist\u00f3rico da Fortaleza de S\u00e3o Jos\u00e9 da Ilha das Cobras, na  capital fluminense, ele est\u00e1 situado nas instala\u00e7\u00f5es que, desde o fim da campanha contra os franceses em Caiena &#8211; na Guiana Francesa, em 1809 \u2013, foram ocupadas pelos componentes da Brigada Real da Marinha, origem do CFN.<\/p>\n<p>Circuito expositivo do Museu<br \/>\nO museu comp\u00f5e-se de dois t\u00faneis subterr\u00e2neos que, historicamente, foram constru\u00eddos para servir de liga\u00e7\u00e3o segura entre as fortalezas erguidas pelos portugueses, a partir do s\u00e9culo XVII, e onde est\u00e3o expostos documentos, medalhas, pratarias, material arqueol\u00f3gico, fotografias, equipamentos e armamentos. O p\u00fablico pode conhecer, tamb\u00e9m, a galeria de uniformes hist\u00f3ricos, onde est\u00e3o expostos alguns dos modelos utilizados pelos Fuzileiros Navais no decorrer de sua trajet\u00f3ria. <\/p>\n<p>O circuito conta, ainda, com um sal\u00e3o projetado em antigas instala\u00e7\u00f5es com exposi\u00e7\u00e3o permanente que conta a participa\u00e7\u00e3o do CFN nos eventos ligados \u00e0 forma\u00e7\u00e3o da nacionalidade e do Estado brasileiro.<\/p>\n<p>H\u00e1 ainda um museu a c\u00e9u aberto, em que o visitante ter\u00e1 contato com viaturas operativas, canh\u00f5es, metralhadoras e motocicletas que foram usados pela corpora\u00e7\u00e3o, e uma escava\u00e7\u00e3o arqueol\u00f3gica na qual pode-se observar parte do contraforte da muralha da Fortaleza, constru\u00edda no s\u00e9culo XVIII, e o Monumento aos Fuzileiros Navais Mortos em Combate. O Museu do CFN oferece tamb\u00e9m exposi\u00e7\u00e3o itinerante, visitas guiadas, aux\u00edlio a pesquisas hist\u00f3ricas, arquivo iconogr\u00e1fico, al\u00e9m de fornecer subs\u00eddios para a pesquisa sobre o hist\u00f3rico do CFN, quando devidamente autorizado.<\/p>\n<p><strong>Servi\u00e7o: <\/strong><br \/>\nMuseu do Corpo de Fuzileiros Navais<br \/>\nAberto de ter\u00e7a \u00e0 sexta-feira, das 9h \u00e0s 12h e das 13h30 \u00e0s 16h.<br \/>\nA entrada \u00e9 gratuita.<br \/>\nVisitas somente com pr\u00e9vio agendamento pelo telefone (21) 2126-5053<\/p>\n<p>Fonte: Marinha do Brasil<\/p>\n","protected":false},"excerpt":{"rendered":"<p>\u00c0s margens do Rio Ipiranga no dia 7 de setembro de 1822, D. Pedro proclamou a independ\u00eancia. Em abril daquele ano, o Ministro da Marinha&#8230;<\/p>\n","protected":false},"author":1527,"featured_media":41362,"comment_status":"closed","ping_status":"closed","sticky":false,"template":"","format":"standard","meta":{"footnotes":""},"categories":[6],"tags":[],"class_list":["post-41361","post","type-post","status-publish","format-standard","has-post-thumbnail","hentry","category-noticias"],"_links":{"self":[{"href":"https:\/\/www.sincomam.org.br\/index.php\/wp-json\/wp\/v2\/posts\/41361","targetHints":{"allow":["GET"]}}],"collection":[{"href":"https:\/\/www.sincomam.org.br\/index.php\/wp-json\/wp\/v2\/posts"}],"about":[{"href":"https:\/\/www.sincomam.org.br\/index.php\/wp-json\/wp\/v2\/types\/post"}],"author":[{"embeddable":true,"href":"https:\/\/www.sincomam.org.br\/index.php\/wp-json\/wp\/v2\/users\/1527"}],"replies":[{"embeddable":true,"href":"https:\/\/www.sincomam.org.br\/index.php\/wp-json\/wp\/v2\/comments?post=41361"}],"version-history":[{"count":1,"href":"https:\/\/www.sincomam.org.br\/index.php\/wp-json\/wp\/v2\/posts\/41361\/revisions"}],"predecessor-version":[{"id":41363,"href":"https:\/\/www.sincomam.org.br\/index.php\/wp-json\/wp\/v2\/posts\/41361\/revisions\/41363"}],"wp:featuredmedia":[{"embeddable":true,"href":"https:\/\/www.sincomam.org.br\/index.php\/wp-json\/wp\/v2\/media\/41362"}],"wp:attachment":[{"href":"https:\/\/www.sincomam.org.br\/index.php\/wp-json\/wp\/v2\/media?parent=41361"}],"wp:term":[{"taxonomy":"category","embeddable":true,"href":"https:\/\/www.sincomam.org.br\/index.php\/wp-json\/wp\/v2\/categories?post=41361"},{"taxonomy":"post_tag","embeddable":true,"href":"https:\/\/www.sincomam.org.br\/index.php\/wp-json\/wp\/v2\/tags?post=41361"}],"curies":[{"name":"wp","href":"https:\/\/api.w.org\/{rel}","templated":true}]}}